{"id":174,"date":"2024-07-03T10:48:54","date_gmt":"2024-07-03T08:48:54","guid":{"rendered":"https:\/\/terapieditetem.cz\/?p=174"},"modified":"2024-07-03T11:10:26","modified_gmt":"2024-07-03T09:10:26","slug":"jsem-nominovana-do-ankety-zena-roku-2024","status":"publish","type":"post","link":"https:\/\/terapieditetem.cz\/?p=174","title":{"rendered":"JSEM NOMINOVAN\u00c1 DO ANKETY \u017dENA ROKU 2024!"},"content":{"rendered":"\n<h2>&#8230; SED\u00c1VEJ PANENKO V KOUT\u011a &#8230;<\/h2>\n\n\n\n<p>Ke spoust\u011b p\u0159\u00edle\u017eitosti jsem se v \u017eivot\u011b dostala tak n\u011bjak, ani nev\u00edm jak. A stejn\u011b je to i s nominac\u00ed do ankety \u017dena roku 2024.<\/p>\n\n\n\n<h2>Sout\u011b\u017ee kr\u00e1sy? J\u00e1? D\u011bkuji, nechci.<\/h2>\n\n\n\n<p>Snad <a><\/a>deset se m\u011b soustavn\u011b babi\u010dka ptala, kdy\u017e u\u017e se p\u0159ihl\u00e1s\u00edm kone\u010dn\u011b na tu Miss. Nep\u0159ihl\u00e1sila jsem se nikdy. Byla to pro m\u011b podprahov\u00e1 informace, \u017ee mou jedinou \u0161anc\u00ed je vyhr\u00e1t a dostat se do spole\u010dnosti lid\u00ed, kte\u0159\u00ed m\u011b budou \u017eivit, proto\u017ee jinak nem\u00e1m \u0161anci p\u0159e\u017e\u00edt.<\/p>\n\n\n\n<h2>Hlasujte se a pomozte mi, vyu\u017e\u00edt nominaci na maximum<\/h2>\n\n\n\n<p>Anketa \u017dena roku je jin\u00e1. Nejde o vzhled, 90-60-90, ani o dlouh\u00e9 prota\u017een\u00e9 jehlov\u00fdmi podpatky. V kategorii &#8222;Zv\u00edt\u011bzila nad osudem&#8220; (i kdy\u017e zat\u00edm jsem vyhr\u00e1la p\u00e1r bitev, rozhodn\u011b ne celou v\u00e1lku) jsem spolu s dal\u0161\u00edmi \u017eenami, s nimi\u017e se \u017eivot nemazl\u00ed, cesti\u010dku jim nikdo nepro\u0161lap\u00e1v\u00e1, ale stejn\u011b jdou po n\u00ed dop\u0159edu d\u00e1l.<\/p>\n\n\n\n<p>S nominac\u00ed jsem souhlasila ne kv\u016fli tomu, \u017ee bych kone\u010dn\u011b splnila babi\u010dce jej\u00ed p\u0159\u00e1n\u00ed, ale proto\u017ee je to kr\u00e1sn\u00e1 a jedine\u010dn\u00e1 cesta k podpo\u0159e m\u00fdch dvou v sou\u010dasnosti hlavn\u00edch t\u00e9mat &#8211; nutri\u010dn\u00ed p\u00e9\u010de a chronick\u00e9ho \u00fanavov\u00e9ho syndromu.<\/p>\n\n\n\n<p>Poj\u010fte m\u011b dostat do fin\u00e1le a spole\u010dn\u011b o nutri\u010dn\u00ed p\u00e9\u010di a CFS m\u016f\u017eeme \u0161\u00ed\u0159it pov\u011bdom\u00ed je\u0161t\u011b d\u00e1l.<\/p>\n\n\n\n<p class=\"has-vivid-cyan-blue-color has-text-color\"><span style=\"text-decoration: underline;\"><strong><a href=\"https:\/\/zenaroku2024.jenprozeny.cz\/hlasovani\/zvitezila-nad-osudem\/\">Hlasovat m\u016f\u017eete na tomhle odkaze<\/a><\/strong><\/span><\/p>\n\n\n\n<p>Chcete o mn\u011b v\u011bd\u011bt v\u00edc? P\u0159e\u010dt\u011bte si \u010dl\u00e1nek o m\u00e9m \u017eivot\u011b s <a href=\"https:\/\/www.facebook.com\/hashtag\/mecfs?__eep__=6&amp;__cft__[0]=AZUHhgLB2tHwJxxX69Bc1i4AIV4CVRptyto_XLduRUtQJzEAZpF1AV4ex_7X_IaSerXUeFKfCU66hZXUHYaYQmvATBquiFW70T-N4KU-L9xvGKG5c_tg3ZU1pmQLxybsACNWYeh55CsNhL46Hz5d1IYfYTVAMzIpYfS0uSxzGeOptg&amp;__tn__=*NK-R\">#MECFS<\/a> a <a href=\"https:\/\/www.facebook.com\/hashtag\/fnd?__eep__=6&amp;__cft__[0]=AZUHhgLB2tHwJxxX69Bc1i4AIV4CVRptyto_XLduRUtQJzEAZpF1AV4ex_7X_IaSerXUeFKfCU66hZXUHYaYQmvATBquiFW70T-N4KU-L9xvGKG5c_tg3ZU1pmQLxybsACNWYeh55CsNhL46Hz5d1IYfYTVAMzIpYfS0uSxzGeOptg&amp;__tn__=*NK-R\">#FND<\/a> i dal\u0161\u00edmi zdravotn\u00edmi perli\u010dkami v \u010dl\u00e1nku <a href=\"https:\/\/www.dietka-jitka.cz\/unavovy-syndrom-pro-nadacni-fond-neunavni\/\"><span style=\"text-decoration: underline;\">\u00danavov\u00fd syndrom<\/span><\/a>. Nebo se pod\u00edvejte na blogy <a href=\"http:\/\/www.dietka-jitka.cz\">www.dietka-jitka.cz<\/a> a <a href=\"http:\/\/www.terapieditetem.cz\">www.terapieditetem.cz.<\/a><\/p>\n\n\n\n<p>Za jakoukoliv formu Va\u0161\u00ed podpory V\u00e1m u\u017e te\u010f ze srdce d\u011bkuji a p\u0159eji co nejlep\u0161\u00ed dny!<\/p>\n\n\n\n<p>S \u00factou zdrav\u00ed Va\u0161e Jitka T<\/p>\n","protected":false},"excerpt":{"rendered":"<p>&#8230; SED\u00c1VEJ PANENKO V KOUT\u011a &#8230; Ke spoust\u011b p\u0159\u00edle\u017eitosti jsem se v \u017eivot\u011b dostala tak n\u011bjak, ani nev\u00edm jak. A stejn\u011b je to i s nominac\u00ed do ankety \u017dena roku 2024. Sout\u011b\u017ee kr\u00e1sy? J\u00e1? D\u011bkuji, nechci. Snad deset se m\u011b soustavn\u011b babi\u010dka ptala, kdy\u017e u\u017e se p\u0159ihl\u00e1s\u00edm kone\u010dn\u011b na tu Miss. Nep\u0159ihl\u00e1sila jsem se nikdy. [&hellip;]<\/p>\n","protected":false},"author":1,"featured_media":175,"comment_status":"open","ping_status":"open","sticky":false,"template":"","format":"standard","meta":{"_mi_skip_tracking":false,"_monsterinsights_sitenote_active":false,"_monsterinsights_sitenote_note":"","_monsterinsights_sitenote_category":0},"categories":[14],"tags":[10,11,12,9,18,13],"yoast_head":"<!-- This site is optimized with the Yoast SEO plugin v20.8 - https:\/\/yoast.com\/wordpress\/plugins\/seo\/ -->\n<title>JSEM NOMINOVAN\u00c1 DO ANKETY \u017dENA ROKU 2024! - TERAPIE D\u00cdT\u011aTEM<\/title>\n<meta name=\"robots\" content=\"index, follow, max-snippet:-1, max-image-preview:large, max-video-preview:-1\" \/>\n<link rel=\"canonical\" href=\"http:\/\/terapieditetem.cz\/?p=174\" \/>\n<meta property=\"og:locale\" content=\"cs_CZ\" \/>\n<meta property=\"og:type\" content=\"article\" \/>\n<meta property=\"og:title\" content=\"JSEM NOMINOVAN\u00c1 DO ANKETY \u017dENA ROKU 2024! - TERAPIE D\u00cdT\u011aTEM\" \/>\n<meta property=\"og:description\" content=\"&#8230; SED\u00c1VEJ PANENKO V KOUT\u011a &#8230; Ke spoust\u011b p\u0159\u00edle\u017eitosti jsem se v \u017eivot\u011b dostala tak n\u011bjak, ani nev\u00edm jak. A stejn\u011b je to i s nominac\u00ed do ankety \u017dena roku 2024. Sout\u011b\u017ee kr\u00e1sy? J\u00e1? D\u011bkuji, nechci. Snad deset se m\u011b soustavn\u011b babi\u010dka ptala, kdy\u017e u\u017e se p\u0159ihl\u00e1s\u00edm kone\u010dn\u011b na tu Miss. Nep\u0159ihl\u00e1sila jsem se nikdy. [&hellip;]\" \/>\n<meta property=\"og:url\" content=\"http:\/\/terapieditetem.cz\/?p=174\" \/>\n<meta property=\"og:site_name\" content=\"TERAPIE D\u00cdT\u011aTEM\" \/>\n<meta property=\"article:published_time\" content=\"2024-07-03T08:48:54+00:00\" \/>\n<meta property=\"article:modified_time\" content=\"2024-07-03T09:10:26+00:00\" \/>\n<meta property=\"og:image\" content=\"http:\/\/terapieditetem.cz\/wp-content\/uploads\/2024\/07\/Snimek-obrazovky-2024-07-03-103638.jpg\" \/>\n\t<meta property=\"og:image:width\" content=\"1029\" \/>\n\t<meta property=\"og:image:height\" content=\"609\" \/>\n\t<meta property=\"og:image:type\" content=\"image\/jpeg\" \/>\n<meta name=\"author\" content=\"Terapie Ditetem\" \/>\n<meta name=\"twitter:card\" content=\"summary_large_image\" \/>\n<meta name=\"twitter:label1\" content=\"Napsal(a)\" \/>\n\t<meta name=\"twitter:data1\" content=\"Terapie Ditetem\" \/>\n\t<meta name=\"twitter:label2\" content=\"Odhadovan\u00e1 doba \u010dten\u00ed\" \/>\n\t<meta name=\"twitter:data2\" content=\"2 minuty\" \/>\n<script type=\"application\/ld+json\" class=\"yoast-schema-graph\">{\"@context\":\"https:\/\/schema.org\",\"@graph\":[{\"@type\":\"Article\",\"@id\":\"http:\/\/terapieditetem.cz\/?p=174#article\",\"isPartOf\":{\"@id\":\"http:\/\/terapieditetem.cz\/?p=174\"},\"author\":{\"name\":\"Terapie Ditetem\",\"@id\":\"http:\/\/terapieditetem.cz\/#\/schema\/person\/99a0e58673a54c9428f224749b27bb69\"},\"headline\":\"JSEM NOMINOVAN\u00c1 DO ANKETY \u017dENA ROKU 2024!\",\"datePublished\":\"2024-07-03T08:48:54+00:00\",\"dateModified\":\"2024-07-03T09:10:26+00:00\",\"mainEntityOfPage\":{\"@id\":\"http:\/\/terapieditetem.cz\/?p=174\"},\"wordCount\":342,\"commentCount\":0,\"publisher\":{\"@id\":\"http:\/\/terapieditetem.cz\/#organization\"},\"keywords\":[\"chronick\u00fd \u00fanavov\u00fd syndrom\",\"fnd\",\"funk\u010dn\u00ed neurologick\u00e9 posti\u017een\u00ed\",\"mecfs\",\"nejsme lemry\",\"terapie d\u00edt\u011btem\"],\"articleSection\":[\"Z na\u0161eho \u017eivota\"],\"inLanguage\":\"cs\",\"potentialAction\":[{\"@type\":\"CommentAction\",\"name\":\"Comment\",\"target\":[\"http:\/\/terapieditetem.cz\/?p=174#respond\"]}]},{\"@type\":\"WebPage\",\"@id\":\"http:\/\/terapieditetem.cz\/?p=174\",\"url\":\"http:\/\/terapieditetem.cz\/?p=174\",\"name\":\"JSEM NOMINOVAN\u00c1 DO ANKETY \u017dENA ROKU 2024! - TERAPIE D\u00cdT\u011aTEM\",\"isPartOf\":{\"@id\":\"http:\/\/terapieditetem.cz\/#website\"},\"datePublished\":\"2024-07-03T08:48:54+00:00\",\"dateModified\":\"2024-07-03T09:10:26+00:00\",\"breadcrumb\":{\"@id\":\"http:\/\/terapieditetem.cz\/?p=174#breadcrumb\"},\"inLanguage\":\"cs\",\"potentialAction\":[{\"@type\":\"ReadAction\",\"target\":[\"http:\/\/terapieditetem.cz\/?p=174\"]}]},{\"@type\":\"BreadcrumbList\",\"@id\":\"http:\/\/terapieditetem.cz\/?p=174#breadcrumb\",\"itemListElement\":[{\"@type\":\"ListItem\",\"position\":1,\"name\":\"Home\",\"item\":\"http:\/\/terapieditetem.cz\/\"},{\"@type\":\"ListItem\",\"position\":2,\"name\":\"JSEM NOMINOVAN\u00c1 DO ANKETY \u017dENA ROKU 2024!\"}]},{\"@type\":\"WebSite\",\"@id\":\"http:\/\/terapieditetem.cz\/#website\",\"url\":\"http:\/\/terapieditetem.cz\/\",\"name\":\"TERAPIE D\u00cdT\u011aTEM\",\"description\":\"\",\"publisher\":{\"@id\":\"http:\/\/terapieditetem.cz\/#organization\"},\"potentialAction\":[{\"@type\":\"SearchAction\",\"target\":{\"@type\":\"EntryPoint\",\"urlTemplate\":\"http:\/\/terapieditetem.cz\/?s={search_term_string}\"},\"query-input\":\"required name=search_term_string\"}],\"inLanguage\":\"cs\"},{\"@type\":\"Organization\",\"@id\":\"http:\/\/terapieditetem.cz\/#organization\",\"name\":\"TERAPIE D\u00cdT\u011aTEM\",\"url\":\"http:\/\/terapieditetem.cz\/\",\"logo\":{\"@type\":\"ImageObject\",\"inLanguage\":\"cs\",\"@id\":\"http:\/\/terapieditetem.cz\/#\/schema\/logo\/image\/\",\"url\":\"https:\/\/terapieditetem.cz\/wp-content\/uploads\/2023\/06\/IMG_7491-F_1x-scaled.jpg\",\"contentUrl\":\"https:\/\/terapieditetem.cz\/wp-content\/uploads\/2023\/06\/IMG_7491-F_1x-scaled.jpg\",\"width\":1707,\"height\":2560,\"caption\":\"TERAPIE D\u00cdT\u011aTEM\"},\"image\":{\"@id\":\"http:\/\/terapieditetem.cz\/#\/schema\/logo\/image\/\"}},{\"@type\":\"Person\",\"@id\":\"http:\/\/terapieditetem.cz\/#\/schema\/person\/99a0e58673a54c9428f224749b27bb69\",\"name\":\"Terapie Ditetem\",\"image\":{\"@type\":\"ImageObject\",\"inLanguage\":\"cs\",\"@id\":\"http:\/\/terapieditetem.cz\/#\/schema\/person\/image\/\",\"url\":\"https:\/\/secure.gravatar.com\/avatar\/18d950058a0f4bf48a039d20668d3f79?s=96&d=mm&r=g\",\"contentUrl\":\"https:\/\/secure.gravatar.com\/avatar\/18d950058a0f4bf48a039d20668d3f79?s=96&d=mm&r=g\",\"caption\":\"Terapie Ditetem\"},\"sameAs\":[\"http:\/\/terapieditetem.cz\"],\"url\":\"https:\/\/terapieditetem.cz\/?author=1\"}]}<\/script>\n<!-- \/ Yoast SEO plugin. -->","yoast_head_json":{"title":"JSEM NOMINOVAN\u00c1 DO ANKETY \u017dENA ROKU 2024! - TERAPIE D\u00cdT\u011aTEM","robots":{"index":"index","follow":"follow","max-snippet":"max-snippet:-1","max-image-preview":"max-image-preview:large","max-video-preview":"max-video-preview:-1"},"canonical":"http:\/\/terapieditetem.cz\/?p=174","og_locale":"cs_CZ","og_type":"article","og_title":"JSEM NOMINOVAN\u00c1 DO ANKETY \u017dENA ROKU 2024! - TERAPIE D\u00cdT\u011aTEM","og_description":"&#8230; SED\u00c1VEJ PANENKO V KOUT\u011a &#8230; Ke spoust\u011b p\u0159\u00edle\u017eitosti jsem se v \u017eivot\u011b dostala tak n\u011bjak, ani nev\u00edm jak. A stejn\u011b je to i s nominac\u00ed do ankety \u017dena roku 2024. Sout\u011b\u017ee kr\u00e1sy? J\u00e1? D\u011bkuji, nechci. Snad deset se m\u011b soustavn\u011b babi\u010dka ptala, kdy\u017e u\u017e se p\u0159ihl\u00e1s\u00edm kone\u010dn\u011b na tu Miss. Nep\u0159ihl\u00e1sila jsem se nikdy. [&hellip;]","og_url":"http:\/\/terapieditetem.cz\/?p=174","og_site_name":"TERAPIE D\u00cdT\u011aTEM","article_published_time":"2024-07-03T08:48:54+00:00","article_modified_time":"2024-07-03T09:10:26+00:00","og_image":[{"width":1029,"height":609,"url":"http:\/\/terapieditetem.cz\/wp-content\/uploads\/2024\/07\/Snimek-obrazovky-2024-07-03-103638.jpg","type":"image\/jpeg"}],"author":"Terapie Ditetem","twitter_card":"summary_large_image","twitter_misc":{"Napsal(a)":"Terapie Ditetem","Odhadovan\u00e1 doba \u010dten\u00ed":"2 minuty"},"schema":{"@context":"https:\/\/schema.org","@graph":[{"@type":"Article","@id":"http:\/\/terapieditetem.cz\/?p=174#article","isPartOf":{"@id":"http:\/\/terapieditetem.cz\/?p=174"},"author":{"name":"Terapie Ditetem","@id":"http:\/\/terapieditetem.cz\/#\/schema\/person\/99a0e58673a54c9428f224749b27bb69"},"headline":"JSEM NOMINOVAN\u00c1 DO ANKETY \u017dENA ROKU 2024!","datePublished":"2024-07-03T08:48:54+00:00","dateModified":"2024-07-03T09:10:26+00:00","mainEntityOfPage":{"@id":"http:\/\/terapieditetem.cz\/?p=174"},"wordCount":342,"commentCount":0,"publisher":{"@id":"http:\/\/terapieditetem.cz\/#organization"},"keywords":["chronick\u00fd \u00fanavov\u00fd syndrom","fnd","funk\u010dn\u00ed neurologick\u00e9 posti\u017een\u00ed","mecfs","nejsme lemry","terapie d\u00edt\u011btem"],"articleSection":["Z na\u0161eho \u017eivota"],"inLanguage":"cs","potentialAction":[{"@type":"CommentAction","name":"Comment","target":["http:\/\/terapieditetem.cz\/?p=174#respond"]}]},{"@type":"WebPage","@id":"http:\/\/terapieditetem.cz\/?p=174","url":"http:\/\/terapieditetem.cz\/?p=174","name":"JSEM NOMINOVAN\u00c1 DO ANKETY \u017dENA ROKU 2024! - TERAPIE D\u00cdT\u011aTEM","isPartOf":{"@id":"http:\/\/terapieditetem.cz\/#website"},"datePublished":"2024-07-03T08:48:54+00:00","dateModified":"2024-07-03T09:10:26+00:00","breadcrumb":{"@id":"http:\/\/terapieditetem.cz\/?p=174#breadcrumb"},"inLanguage":"cs","potentialAction":[{"@type":"ReadAction","target":["http:\/\/terapieditetem.cz\/?p=174"]}]},{"@type":"BreadcrumbList","@id":"http:\/\/terapieditetem.cz\/?p=174#breadcrumb","itemListElement":[{"@type":"ListItem","position":1,"name":"Home","item":"http:\/\/terapieditetem.cz\/"},{"@type":"ListItem","position":2,"name":"JSEM NOMINOVAN\u00c1 DO ANKETY \u017dENA ROKU 2024!"}]},{"@type":"WebSite","@id":"http:\/\/terapieditetem.cz\/#website","url":"http:\/\/terapieditetem.cz\/","name":"TERAPIE D\u00cdT\u011aTEM","description":"","publisher":{"@id":"http:\/\/terapieditetem.cz\/#organization"},"potentialAction":[{"@type":"SearchAction","target":{"@type":"EntryPoint","urlTemplate":"http:\/\/terapieditetem.cz\/?s={search_term_string}"},"query-input":"required name=search_term_string"}],"inLanguage":"cs"},{"@type":"Organization","@id":"http:\/\/terapieditetem.cz\/#organization","name":"TERAPIE D\u00cdT\u011aTEM","url":"http:\/\/terapieditetem.cz\/","logo":{"@type":"ImageObject","inLanguage":"cs","@id":"http:\/\/terapieditetem.cz\/#\/schema\/logo\/image\/","url":"https:\/\/terapieditetem.cz\/wp-content\/uploads\/2023\/06\/IMG_7491-F_1x-scaled.jpg","contentUrl":"https:\/\/terapieditetem.cz\/wp-content\/uploads\/2023\/06\/IMG_7491-F_1x-scaled.jpg","width":1707,"height":2560,"caption":"TERAPIE D\u00cdT\u011aTEM"},"image":{"@id":"http:\/\/terapieditetem.cz\/#\/schema\/logo\/image\/"}},{"@type":"Person","@id":"http:\/\/terapieditetem.cz\/#\/schema\/person\/99a0e58673a54c9428f224749b27bb69","name":"Terapie Ditetem","image":{"@type":"ImageObject","inLanguage":"cs","@id":"http:\/\/terapieditetem.cz\/#\/schema\/person\/image\/","url":"https:\/\/secure.gravatar.com\/avatar\/18d950058a0f4bf48a039d20668d3f79?s=96&d=mm&r=g","contentUrl":"https:\/\/secure.gravatar.com\/avatar\/18d950058a0f4bf48a039d20668d3f79?s=96&d=mm&r=g","caption":"Terapie Ditetem"},"sameAs":["http:\/\/terapieditetem.cz"],"url":"https:\/\/terapieditetem.cz\/?author=1"}]}},"_links":{"self":[{"href":"https:\/\/terapieditetem.cz\/index.php?rest_route=\/wp\/v2\/posts\/174"}],"collection":[{"href":"https:\/\/terapieditetem.cz\/index.php?rest_route=\/wp\/v2\/posts"}],"about":[{"href":"https:\/\/terapieditetem.cz\/index.php?rest_route=\/wp\/v2\/types\/post"}],"author":[{"embeddable":true,"href":"https:\/\/terapieditetem.cz\/index.php?rest_route=\/wp\/v2\/users\/1"}],"replies":[{"embeddable":true,"href":"https:\/\/terapieditetem.cz\/index.php?rest_route=%2Fwp%2Fv2%2Fcomments&post=174"}],"version-history":[{"count":5,"href":"https:\/\/terapieditetem.cz\/index.php?rest_route=\/wp\/v2\/posts\/174\/revisions"}],"predecessor-version":[{"id":180,"href":"https:\/\/terapieditetem.cz\/index.php?rest_route=\/wp\/v2\/posts\/174\/revisions\/180"}],"wp:featuredmedia":[{"embeddable":true,"href":"https:\/\/terapieditetem.cz\/index.php?rest_route=\/wp\/v2\/media\/175"}],"wp:attachment":[{"href":"https:\/\/terapieditetem.cz\/index.php?rest_route=%2Fwp%2Fv2%2Fmedia&parent=174"}],"wp:term":[{"taxonomy":"category","embeddable":true,"href":"https:\/\/terapieditetem.cz\/index.php?rest_route=%2Fwp%2Fv2%2Fcategories&post=174"},{"taxonomy":"post_tag","embeddable":true,"href":"https:\/\/terapieditetem.cz\/index.php?rest_route=%2Fwp%2Fv2%2Ftags&post=174"}],"curies":[{"name":"wp","href":"https:\/\/api.w.org\/{rel}","templated":true}]}}