{"id":122,"date":"2023-03-03T16:10:00","date_gmt":"2023-03-03T15:10:00","guid":{"rendered":"https:\/\/terapieditetem.cz\/?p=122"},"modified":"2023-06-09T16:25:46","modified_gmt":"2023-06-09T14:25:46","slug":"fnd","status":"publish","type":"post","link":"https:\/\/terapieditetem.cz\/?p=122","title":{"rendered":"FND"},"content":{"rendered":"\n<p>U\u017e jsem zm\u00ednila i zkratku FND, co\u017e zna\u010dn\u00ed Functional Neurological Desorder, nebo \u010desky funk\u010dn\u00ed neurologick\u00e9 poruchy.<\/p>\n\n\n\n<p>Vymysleli to l\u00e9ka\u0159i p\u0159i m\u00e9 posledn\u00ed hospitalizaci a o p\u00e1r m\u011bs\u00edc\u016f v jin\u00e9 nemocnici potvrdili. Nezn\u00e1m zat\u00edm s touhle diagnozou nikoho dal\u0161\u00edho, tak\u017ee zat\u00edm \u00fapln\u011b nev\u00edm, jestli dob\u0159e ch\u00e1pu, o co jde.<\/p>\n\n\n\n<p>Co <a><\/a>jsem ale pochytila, tak je to p\u0159esn\u011b to, \u017ee v\u0161ichni vid\u00ed, \u017ee V\u00e1m n\u011bco je, ale v\u0161echna vy\u0161et\u0159en\u00ed jsou negativn\u00ed. N\u011bco se stane a t\u011blo se n\u011bjak vypne.<\/p>\n\n\n\n<p>Nejl\u00edp to vystihovalo vy\u0161et\u0159en\u00ed na b\u00e1zi EEG a EMG. Do prstu mi pou\u0161t\u011bli slab\u00e9 elektrick\u00e9 impulzy a z mozku sn\u00edmali jeho reakce. Pak mi dali n\u00e1sobn\u011b men\u0161\u00ed impulz do \u010dela a mozek \u0159e\u0161il ten asi 10x slab\u0161\u00ed do \u010dela, ne\u017e ty siln\u011bj\u0161\u00ed do prstu. Ty jakoby najednou neexistovaly.<\/p>\n\n\n\n<p>Je to asi tak, \u017ee mozek n\u011bco zpracov\u00e1v\u00e1, pak ho na periferii n\u011bco vyru\u0161\u00ed a on to vyhodnot\u00ed jako ohro\u017een\u00ed a d\u00e1 t\u011blu \u00fapln\u011b jin\u00e9, nesmysln\u00e9 p\u0159\u00edkazy, jako t\u0159eba \u017ee m\u00e1 z\u016fstat ve st\u0159ehu a nespat.<\/p>\n\n\n\n<p>Jak FND s p\u0159edchoz\u00edmi souvis\u00ed? Fibromyalgie, CFS, nespavost, deprese, poruchy tr\u00e1ven\u00ed, mo\u010den\u00ed, bu\u0161en\u00ed srdce, migr\u00e9ny&#8230;. Jsou FND sou\u010d\u00e1st\u00ed. FND mi v t\u00e9hle chv\u00edli p\u0159ijde jako pojem, kter\u00fd z ME\/ CFS ponech\u00e1v\u00e1 samostatn\u00e9 p\u0159\u00edznaky &#8211; ME bolesti a CFS \u00fanavu a v\u0161echny ostatn\u00ed p\u0159\u00edznaky ME\/CFS vy\u010dle\u0148uje zvl\u00e1\u0161\u0165.<\/p>\n","protected":false},"excerpt":{"rendered":"<p>U\u017e jsem zm\u00ednila i zkratku FND, co\u017e zna\u010dn\u00ed Functional Neurological Desorder, nebo \u010desky funk\u010dn\u00ed neurologick\u00e9 poruchy. Vymysleli to l\u00e9ka\u0159i p\u0159i m\u00e9 posledn\u00ed hospitalizaci a o p\u00e1r m\u011bs\u00edc\u016f v jin\u00e9 nemocnici potvrdili. Nezn\u00e1m zat\u00edm s touhle diagnozou nikoho dal\u0161\u00edho, tak\u017ee zat\u00edm \u00fapln\u011b nev\u00edm, jestli dob\u0159e ch\u00e1pu, o co jde. Co jsem ale pochytila, tak je to [&hellip;]<\/p>\n","protected":false},"author":1,"featured_media":0,"comment_status":"open","ping_status":"open","sticky":false,"template":"","format":"standard","meta":{"_mi_skip_tracking":false,"_monsterinsights_sitenote_active":false,"_monsterinsights_sitenote_note":"","_monsterinsights_sitenote_category":0},"categories":[15],"tags":[10,11,12,9,17,18,13],"yoast_head":"<!-- This site is optimized with the Yoast SEO plugin v20.8 - https:\/\/yoast.com\/wordpress\/plugins\/seo\/ -->\n<title>FND - TERAPIE D\u00cdT\u011aTEM<\/title>\n<meta name=\"robots\" content=\"index, follow, max-snippet:-1, max-image-preview:large, max-video-preview:-1\" \/>\n<link rel=\"canonical\" href=\"https:\/\/terapieditetem.cz\/?p=122\" \/>\n<meta property=\"og:locale\" content=\"cs_CZ\" \/>\n<meta property=\"og:type\" content=\"article\" \/>\n<meta property=\"og:title\" content=\"FND - TERAPIE D\u00cdT\u011aTEM\" \/>\n<meta property=\"og:description\" content=\"U\u017e jsem zm\u00ednila i zkratku FND, co\u017e zna\u010dn\u00ed Functional Neurological Desorder, nebo \u010desky funk\u010dn\u00ed neurologick\u00e9 poruchy. Vymysleli to l\u00e9ka\u0159i p\u0159i m\u00e9 posledn\u00ed hospitalizaci a o p\u00e1r m\u011bs\u00edc\u016f v jin\u00e9 nemocnici potvrdili. Nezn\u00e1m zat\u00edm s touhle diagnozou nikoho dal\u0161\u00edho, tak\u017ee zat\u00edm \u00fapln\u011b nev\u00edm, jestli dob\u0159e ch\u00e1pu, o co jde. Co jsem ale pochytila, tak je to [&hellip;]\" \/>\n<meta property=\"og:url\" content=\"https:\/\/terapieditetem.cz\/?p=122\" \/>\n<meta property=\"og:site_name\" content=\"TERAPIE D\u00cdT\u011aTEM\" \/>\n<meta property=\"article:published_time\" content=\"2023-03-03T15:10:00+00:00\" \/>\n<meta property=\"article:modified_time\" content=\"2023-06-09T14:25:46+00:00\" \/>\n<meta name=\"author\" content=\"Terapie Ditetem\" \/>\n<meta name=\"twitter:card\" content=\"summary_large_image\" \/>\n<meta name=\"twitter:label1\" content=\"Napsal(a)\" \/>\n\t<meta name=\"twitter:data1\" content=\"Terapie Ditetem\" \/>\n\t<meta name=\"twitter:label2\" content=\"Odhadovan\u00e1 doba \u010dten\u00ed\" \/>\n\t<meta name=\"twitter:data2\" content=\"2 minuty\" \/>\n<script type=\"application\/ld+json\" class=\"yoast-schema-graph\">{\"@context\":\"https:\/\/schema.org\",\"@graph\":[{\"@type\":\"Article\",\"@id\":\"https:\/\/terapieditetem.cz\/?p=122#article\",\"isPartOf\":{\"@id\":\"https:\/\/terapieditetem.cz\/?p=122\"},\"author\":{\"name\":\"Terapie Ditetem\",\"@id\":\"http:\/\/terapieditetem.cz\/#\/schema\/person\/99a0e58673a54c9428f224749b27bb69\"},\"headline\":\"FND\",\"datePublished\":\"2023-03-03T15:10:00+00:00\",\"dateModified\":\"2023-06-09T14:25:46+00:00\",\"mainEntityOfPage\":{\"@id\":\"https:\/\/terapieditetem.cz\/?p=122\"},\"wordCount\":271,\"commentCount\":0,\"publisher\":{\"@id\":\"http:\/\/terapieditetem.cz\/#organization\"},\"keywords\":[\"chronick\u00fd \u00fanavov\u00fd syndrom\",\"fnd\",\"funk\u010dn\u00ed neurologick\u00e9 posti\u017een\u00ed\",\"mecfs\",\"myalgick\u00e1 encefalomyelitida\",\"nejsme lemry\",\"terapie d\u00edt\u011btem\"],\"articleSection\":[\"Slovn\u00ed\u010dek\"],\"inLanguage\":\"cs\",\"potentialAction\":[{\"@type\":\"CommentAction\",\"name\":\"Comment\",\"target\":[\"https:\/\/terapieditetem.cz\/?p=122#respond\"]}]},{\"@type\":\"WebPage\",\"@id\":\"https:\/\/terapieditetem.cz\/?p=122\",\"url\":\"https:\/\/terapieditetem.cz\/?p=122\",\"name\":\"FND - TERAPIE D\u00cdT\u011aTEM\",\"isPartOf\":{\"@id\":\"http:\/\/terapieditetem.cz\/#website\"},\"datePublished\":\"2023-03-03T15:10:00+00:00\",\"dateModified\":\"2023-06-09T14:25:46+00:00\",\"breadcrumb\":{\"@id\":\"https:\/\/terapieditetem.cz\/?p=122#breadcrumb\"},\"inLanguage\":\"cs\",\"potentialAction\":[{\"@type\":\"ReadAction\",\"target\":[\"https:\/\/terapieditetem.cz\/?p=122\"]}]},{\"@type\":\"BreadcrumbList\",\"@id\":\"https:\/\/terapieditetem.cz\/?p=122#breadcrumb\",\"itemListElement\":[{\"@type\":\"ListItem\",\"position\":1,\"name\":\"Home\",\"item\":\"http:\/\/terapieditetem.cz\/\"},{\"@type\":\"ListItem\",\"position\":2,\"name\":\"FND\"}]},{\"@type\":\"WebSite\",\"@id\":\"http:\/\/terapieditetem.cz\/#website\",\"url\":\"http:\/\/terapieditetem.cz\/\",\"name\":\"TERAPIE D\u00cdT\u011aTEM\",\"description\":\"\",\"publisher\":{\"@id\":\"http:\/\/terapieditetem.cz\/#organization\"},\"potentialAction\":[{\"@type\":\"SearchAction\",\"target\":{\"@type\":\"EntryPoint\",\"urlTemplate\":\"http:\/\/terapieditetem.cz\/?s={search_term_string}\"},\"query-input\":\"required name=search_term_string\"}],\"inLanguage\":\"cs\"},{\"@type\":\"Organization\",\"@id\":\"http:\/\/terapieditetem.cz\/#organization\",\"name\":\"TERAPIE D\u00cdT\u011aTEM\",\"url\":\"http:\/\/terapieditetem.cz\/\",\"logo\":{\"@type\":\"ImageObject\",\"inLanguage\":\"cs\",\"@id\":\"http:\/\/terapieditetem.cz\/#\/schema\/logo\/image\/\",\"url\":\"https:\/\/terapieditetem.cz\/wp-content\/uploads\/2023\/06\/IMG_7491-F_1x-scaled.jpg\",\"contentUrl\":\"https:\/\/terapieditetem.cz\/wp-content\/uploads\/2023\/06\/IMG_7491-F_1x-scaled.jpg\",\"width\":1707,\"height\":2560,\"caption\":\"TERAPIE D\u00cdT\u011aTEM\"},\"image\":{\"@id\":\"http:\/\/terapieditetem.cz\/#\/schema\/logo\/image\/\"}},{\"@type\":\"Person\",\"@id\":\"http:\/\/terapieditetem.cz\/#\/schema\/person\/99a0e58673a54c9428f224749b27bb69\",\"name\":\"Terapie Ditetem\",\"image\":{\"@type\":\"ImageObject\",\"inLanguage\":\"cs\",\"@id\":\"http:\/\/terapieditetem.cz\/#\/schema\/person\/image\/\",\"url\":\"https:\/\/secure.gravatar.com\/avatar\/18d950058a0f4bf48a039d20668d3f79?s=96&d=mm&r=g\",\"contentUrl\":\"https:\/\/secure.gravatar.com\/avatar\/18d950058a0f4bf48a039d20668d3f79?s=96&d=mm&r=g\",\"caption\":\"Terapie Ditetem\"},\"sameAs\":[\"http:\/\/terapieditetem.cz\"],\"url\":\"https:\/\/terapieditetem.cz\/?author=1\"}]}<\/script>\n<!-- \/ Yoast SEO plugin. -->","yoast_head_json":{"title":"FND - TERAPIE D\u00cdT\u011aTEM","robots":{"index":"index","follow":"follow","max-snippet":"max-snippet:-1","max-image-preview":"max-image-preview:large","max-video-preview":"max-video-preview:-1"},"canonical":"https:\/\/terapieditetem.cz\/?p=122","og_locale":"cs_CZ","og_type":"article","og_title":"FND - TERAPIE D\u00cdT\u011aTEM","og_description":"U\u017e jsem zm\u00ednila i zkratku FND, co\u017e zna\u010dn\u00ed Functional Neurological Desorder, nebo \u010desky funk\u010dn\u00ed neurologick\u00e9 poruchy. Vymysleli to l\u00e9ka\u0159i p\u0159i m\u00e9 posledn\u00ed hospitalizaci a o p\u00e1r m\u011bs\u00edc\u016f v jin\u00e9 nemocnici potvrdili. Nezn\u00e1m zat\u00edm s touhle diagnozou nikoho dal\u0161\u00edho, tak\u017ee zat\u00edm \u00fapln\u011b nev\u00edm, jestli dob\u0159e ch\u00e1pu, o co jde. Co jsem ale pochytila, tak je to [&hellip;]","og_url":"https:\/\/terapieditetem.cz\/?p=122","og_site_name":"TERAPIE D\u00cdT\u011aTEM","article_published_time":"2023-03-03T15:10:00+00:00","article_modified_time":"2023-06-09T14:25:46+00:00","author":"Terapie Ditetem","twitter_card":"summary_large_image","twitter_misc":{"Napsal(a)":"Terapie Ditetem","Odhadovan\u00e1 doba \u010dten\u00ed":"2 minuty"},"schema":{"@context":"https:\/\/schema.org","@graph":[{"@type":"Article","@id":"https:\/\/terapieditetem.cz\/?p=122#article","isPartOf":{"@id":"https:\/\/terapieditetem.cz\/?p=122"},"author":{"name":"Terapie Ditetem","@id":"http:\/\/terapieditetem.cz\/#\/schema\/person\/99a0e58673a54c9428f224749b27bb69"},"headline":"FND","datePublished":"2023-03-03T15:10:00+00:00","dateModified":"2023-06-09T14:25:46+00:00","mainEntityOfPage":{"@id":"https:\/\/terapieditetem.cz\/?p=122"},"wordCount":271,"commentCount":0,"publisher":{"@id":"http:\/\/terapieditetem.cz\/#organization"},"keywords":["chronick\u00fd \u00fanavov\u00fd syndrom","fnd","funk\u010dn\u00ed neurologick\u00e9 posti\u017een\u00ed","mecfs","myalgick\u00e1 encefalomyelitida","nejsme lemry","terapie d\u00edt\u011btem"],"articleSection":["Slovn\u00ed\u010dek"],"inLanguage":"cs","potentialAction":[{"@type":"CommentAction","name":"Comment","target":["https:\/\/terapieditetem.cz\/?p=122#respond"]}]},{"@type":"WebPage","@id":"https:\/\/terapieditetem.cz\/?p=122","url":"https:\/\/terapieditetem.cz\/?p=122","name":"FND - TERAPIE D\u00cdT\u011aTEM","isPartOf":{"@id":"http:\/\/terapieditetem.cz\/#website"},"datePublished":"2023-03-03T15:10:00+00:00","dateModified":"2023-06-09T14:25:46+00:00","breadcrumb":{"@id":"https:\/\/terapieditetem.cz\/?p=122#breadcrumb"},"inLanguage":"cs","potentialAction":[{"@type":"ReadAction","target":["https:\/\/terapieditetem.cz\/?p=122"]}]},{"@type":"BreadcrumbList","@id":"https:\/\/terapieditetem.cz\/?p=122#breadcrumb","itemListElement":[{"@type":"ListItem","position":1,"name":"Home","item":"http:\/\/terapieditetem.cz\/"},{"@type":"ListItem","position":2,"name":"FND"}]},{"@type":"WebSite","@id":"http:\/\/terapieditetem.cz\/#website","url":"http:\/\/terapieditetem.cz\/","name":"TERAPIE D\u00cdT\u011aTEM","description":"","publisher":{"@id":"http:\/\/terapieditetem.cz\/#organization"},"potentialAction":[{"@type":"SearchAction","target":{"@type":"EntryPoint","urlTemplate":"http:\/\/terapieditetem.cz\/?s={search_term_string}"},"query-input":"required name=search_term_string"}],"inLanguage":"cs"},{"@type":"Organization","@id":"http:\/\/terapieditetem.cz\/#organization","name":"TERAPIE D\u00cdT\u011aTEM","url":"http:\/\/terapieditetem.cz\/","logo":{"@type":"ImageObject","inLanguage":"cs","@id":"http:\/\/terapieditetem.cz\/#\/schema\/logo\/image\/","url":"https:\/\/terapieditetem.cz\/wp-content\/uploads\/2023\/06\/IMG_7491-F_1x-scaled.jpg","contentUrl":"https:\/\/terapieditetem.cz\/wp-content\/uploads\/2023\/06\/IMG_7491-F_1x-scaled.jpg","width":1707,"height":2560,"caption":"TERAPIE D\u00cdT\u011aTEM"},"image":{"@id":"http:\/\/terapieditetem.cz\/#\/schema\/logo\/image\/"}},{"@type":"Person","@id":"http:\/\/terapieditetem.cz\/#\/schema\/person\/99a0e58673a54c9428f224749b27bb69","name":"Terapie Ditetem","image":{"@type":"ImageObject","inLanguage":"cs","@id":"http:\/\/terapieditetem.cz\/#\/schema\/person\/image\/","url":"https:\/\/secure.gravatar.com\/avatar\/18d950058a0f4bf48a039d20668d3f79?s=96&d=mm&r=g","contentUrl":"https:\/\/secure.gravatar.com\/avatar\/18d950058a0f4bf48a039d20668d3f79?s=96&d=mm&r=g","caption":"Terapie Ditetem"},"sameAs":["http:\/\/terapieditetem.cz"],"url":"https:\/\/terapieditetem.cz\/?author=1"}]}},"_links":{"self":[{"href":"https:\/\/terapieditetem.cz\/index.php?rest_route=\/wp\/v2\/posts\/122"}],"collection":[{"href":"https:\/\/terapieditetem.cz\/index.php?rest_route=\/wp\/v2\/posts"}],"about":[{"href":"https:\/\/terapieditetem.cz\/index.php?rest_route=\/wp\/v2\/types\/post"}],"author":[{"embeddable":true,"href":"https:\/\/terapieditetem.cz\/index.php?rest_route=\/wp\/v2\/users\/1"}],"replies":[{"embeddable":true,"href":"https:\/\/terapieditetem.cz\/index.php?rest_route=%2Fwp%2Fv2%2Fcomments&post=122"}],"version-history":[{"count":1,"href":"https:\/\/terapieditetem.cz\/index.php?rest_route=\/wp\/v2\/posts\/122\/revisions"}],"predecessor-version":[{"id":123,"href":"https:\/\/terapieditetem.cz\/index.php?rest_route=\/wp\/v2\/posts\/122\/revisions\/123"}],"wp:attachment":[{"href":"https:\/\/terapieditetem.cz\/index.php?rest_route=%2Fwp%2Fv2%2Fmedia&parent=122"}],"wp:term":[{"taxonomy":"category","embeddable":true,"href":"https:\/\/terapieditetem.cz\/index.php?rest_route=%2Fwp%2Fv2%2Fcategories&post=122"},{"taxonomy":"post_tag","embeddable":true,"href":"https:\/\/terapieditetem.cz\/index.php?rest_route=%2Fwp%2Fv2%2Ftags&post=122"}],"curies":[{"name":"wp","href":"https:\/\/api.w.org\/{rel}","templated":true}]}}