{"id":26,"count":0,"description":"<h1>Kdo jsem<\/h1>\r\n<p style=\"text-align: left\">Vlastn\u011b jsem toho docela hodn\u011b. Profesn\u011b jsem <a href=\"http:\/\/www.dietka-jitka.cz\">Dietka Jitka<\/a>, z\u00e1jmov\u011b se vrt\u00e1m v p\u0159\u00edrodn\u00ed medic\u00edn\u011b, automaticky kresl\u00edm a m\u00e1m malou hol\u010di\u010dku Ani\u010dku. Ale co je\u0161t\u011b m\u00e1m, a co bych si klidn\u011b od\u0159ekla, je chronick\u00e1 nemoc. Vlastn\u011b pr\u00fd asi hned n\u011bkolik. Oni se l\u00e9ka\u0159i nem\u016f\u017eou moc shodnout.<\/p>\r\n\r\n<h3>Nikdy jsem nebyla nejrychlej\u0161\u00ed<\/h3>\r\n<p style=\"text-align: left\">..., ale m\u011bla jsem docela s\u00edlu i vytrvalost. A pak jsem m\u011bla mononukle\u00f3zu. A po n\u00ed p\u0159i\u0161la chlamydiov\u00e1 infekce, opakovan\u00e9 z\u00e1n\u011bty o\u010dn\u00ed duhovky a n\u00e1dor. O n\u011bkolik dal\u0161\u00edch let jsem najednou byla n\u011bkolik t\u00fddn\u016f tak vy\u010derpan\u00e1, \u017ee jsem neudr\u017eela ani tu\u017eku a n\u011bkdy vymyslel, \u017ee m\u00e1m roztrou\u0161enou skler\u00f3zu. Kdy\u017e mi o dal\u0161\u00edch p\u00e1r let ochrnula n\u00e1hle cel\u00e9 noha od ky\u010dle, podez\u0159en\u00ed se je\u0161t\u011b utvrdilo. Nevad\u00ed, \u017ee ji nikdy nikdy neprok\u00e1zal.<\/p>\r\n\r\n<h3 style=\"text-align: left\">A tak jsem vesele pokra\u010dovala d\u00e1l<\/h3>\r\n<p style=\"text-align: left\">Alergie na lepek, neuralgie trigeminu, ochrnut\u00e1 noha, vysok\u00e9 hore\u010dky na 39 \u00b0C bez p\u0159\u00edznaku infekce, nesn\u00e1\u0161enlivost alkoholu, lakt\u00f3zu, histam\u00ednov\u00e1 intolerance, paralytick\u00fd ileus po porodu, skokov\u00e9 zhor\u0161ov\u00e1n\u00ed zraku, nespavost, ochrnut\u00ed p\u016flky obli\u010deje. Nikdy mi ale nic nena\u0161li. Ani tu roztrou\u0161enou skler\u00f3zu.<\/p>\r\n<p style=\"text-align: left\">Po asi 20 letech nesmysln\u00fdch probl\u00e9m\u016f bez zjistiteln\u00e9 p\u0159\u00ed\u010diny na\u0161la l\u00e9ka\u0159ka chronick\u00fd \u00fanavov\u00fd syndrom. To ale pop\u00edraj\u00ed dal\u0161\u00ed l\u00e9ka\u0159i. Pr\u00fd jsem jen (za t\u011bch mnoho let) nedostate\u010dn\u011b vy\u0161et\u0159en\u00e1. Tak\u017ee m\u00e1m je\u0161t\u011b funk\u010dn\u00ed neurologick\u00e9 posti\u017een\u00ed a pr\u00fd je\u0161t\u011b asi i n\u011bjak\u00fd typ dystrofie. Ale komu by se cht\u011blo v tom p\u00e1tr\u00e1n\u00ed pokra\u010dovat, \u017ee jo? Chronick\u00fd \u00fanavov\u00fd syndrom by mi klidn\u011b sta\u010dil.<\/p>\r\n\r\n<h3 style=\"text-align: left\">A nakonec p\u0159i\u0161la Ani\u010dka<\/h3>\r\n<p style=\"text-align: left\">Nem\u016f\u017eu, bohu\u017eel, potvrdit, \u017ee kdy\u017e budu m\u00edt d\u00edt\u011b, \u017ee nebudu m\u00edt na nemoci \u010das. Ono vlastn\u011b sp\u00ed\u0161 naopak, hl\u00e1s\u00ed se samy od sebe o to v\u00edc, proto\u017ee u\u017e nem\u016f\u017eu cel\u00fd v\u00edkend prospat.<\/p>\r\n<p style=\"text-align: left\">M\u00edt chronick\u00e9 onemocn\u011bn\u00ed je <em>hell<\/em>. Ale m\u00edt k tomu je\u0161t\u011b mal\u00e9 d\u00edt\u011b, to je teprv <em>hard core<\/em>. Tak n\u011bjak V\u00e1s to donut\u00ed p\u0159em\u00fd\u0161let i chovat se jinak. Jak chronick\u00e1 nemoc bez d\u00edt\u011bte, tak d\u00edt\u011b bez chronick\u00e9 nemoci. A co teprv dohromady?<\/p>\r\n<p style=\"text-align: left\"><strong>Zvu V\u00e1s nejen ke sledov\u00e1n\u00ed, jak to spolu d\u00e1v\u00e1me, ale i osv\u011bt\u011b o tom, co jsou ME\/CFS a FND vlastn\u011b za\u010d, co na n\u011b pom\u00e1h\u00e1 a jak se s nimi d\u00e1 p\u0159e\u017e\u00edvat.<\/strong><\/p>","link":"https:\/\/terapieditetem.cz\/?cat=26","name":"Kdo jsem","slug":"kdo-jsem","taxonomy":"category","parent":0,"meta":[],"yoast_head":"<!-- This site is optimized with the Yoast SEO plugin v20.8 - https:\/\/yoast.com\/wordpress\/plugins\/seo\/ -->\n<title>Kdo jsem Archives - TERAPIE D\u00cdT\u011aTEM<\/title>\n<meta name=\"robots\" content=\"index, follow, max-snippet:-1, max-image-preview:large, max-video-preview:-1\" \/>\n<link rel=\"canonical\" href=\"http:\/\/terapieditetem.cz\/?cat=26\" \/>\n<meta property=\"og:locale\" content=\"cs_CZ\" \/>\n<meta property=\"og:type\" content=\"article\" \/>\n<meta property=\"og:title\" content=\"Kdo jsem Archives - TERAPIE D\u00cdT\u011aTEM\" \/>\n<meta property=\"og:description\" content=\"Kdo jsem Vlastn\u011b jsem toho docela hodn\u011b. Profesn\u011b jsem Dietka Jitka, z\u00e1jmov\u011b se vrt\u00e1m v p\u0159\u00edrodn\u00ed medic\u00edn\u011b, automaticky kresl\u00edm a m\u00e1m malou hol\u010di\u010dku Ani\u010dku. Ale co je\u0161t\u011b m\u00e1m, a co bych si klidn\u011b od\u0159ekla, je chronick\u00e1 nemoc. Vlastn\u011b pr\u00fd asi hned n\u011bkolik. Oni se l\u00e9ka\u0159i nem\u016f\u017eou moc shodnout. Nikdy jsem nebyla nejrychlej\u0161\u00ed &#8230;, ale m\u011bla jsem docela s\u00edlu i vytrvalost. A pak jsem m\u011bla mononukle\u00f3zu. A po n\u00ed p\u0159i\u0161la chlamydiov\u00e1 infekce, opakovan\u00e9 z\u00e1n\u011bty o\u010dn\u00ed duhovky a n\u00e1dor. O n\u011bkolik dal\u0161\u00edch let jsem najednou byla n\u011bkolik t\u00fddn\u016f tak vy\u010derpan\u00e1, \u017ee jsem neudr\u017eela ani tu\u017eku a n\u011bkdy vymyslel, \u017ee m\u00e1m roztrou\u0161enou skler\u00f3zu. Kdy\u017e mi o dal\u0161\u00edch p\u00e1r let ochrnula n\u00e1hle cel\u00e9 noha od ky\u010dle, podez\u0159en\u00ed se je\u0161t\u011b utvrdilo. Nevad\u00ed, \u017ee ji nikdy nikdy neprok\u00e1zal. A tak jsem vesele pokra\u010dovala d\u00e1l Alergie na lepek, neuralgie trigeminu, ochrnut\u00e1 noha, vysok\u00e9 hore\u010dky na 39 \u00b0C bez p\u0159\u00edznaku infekce, nesn\u00e1\u0161enlivost alkoholu, lakt\u00f3zu, histam\u00ednov\u00e1 intolerance, paralytick\u00fd ileus po porodu, skokov\u00e9 zhor\u0161ov\u00e1n\u00ed zraku, nespavost, ochrnut\u00ed p\u016flky obli\u010deje. Nikdy mi ale nic nena\u0161li. Ani tu roztrou\u0161enou skler\u00f3zu. Po asi 20 letech nesmysln\u00fdch probl\u00e9m\u016f bez zjistiteln\u00e9 p\u0159\u00ed\u010diny na\u0161la l\u00e9ka\u0159ka chronick\u00fd \u00fanavov\u00fd syndrom. To ale pop\u00edraj\u00ed dal\u0161\u00ed l\u00e9ka\u0159i. Pr\u00fd jsem jen (za t\u011bch mnoho let) nedostate\u010dn\u011b vy\u0161et\u0159en\u00e1. Tak\u017ee m\u00e1m je\u0161t\u011b funk\u010dn\u00ed neurologick\u00e9 posti\u017een\u00ed a pr\u00fd je\u0161t\u011b asi i n\u011bjak\u00fd typ dystrofie. Ale komu by se cht\u011blo v tom p\u00e1tr\u00e1n\u00ed pokra\u010dovat, \u017ee jo? Chronick\u00fd \u00fanavov\u00fd syndrom by mi klidn\u011b sta\u010dil. A nakonec p\u0159i\u0161la Ani\u010dka Nem\u016f\u017eu, bohu\u017eel, potvrdit, \u017ee kdy\u017e budu m\u00edt d\u00edt\u011b, \u017ee nebudu m\u00edt na nemoci \u010das. Ono vlastn\u011b sp\u00ed\u0161 naopak, hl\u00e1s\u00ed se samy od sebe o to v\u00edc, proto\u017ee u\u017e nem\u016f\u017eu cel\u00fd v\u00edkend prospat. M\u00edt chronick\u00e9 onemocn\u011bn\u00ed je hell. Ale m\u00edt k tomu je\u0161t\u011b mal\u00e9 d\u00edt\u011b, to je teprv hard core. Tak n\u011bjak V\u00e1s to donut\u00ed p\u0159em\u00fd\u0161let i chovat se jinak. Jak chronick\u00e1 nemoc bez d\u00edt\u011bte, tak d\u00edt\u011b bez chronick\u00e9 nemoci. A co teprv dohromady? Zvu V\u00e1s nejen ke sledov\u00e1n\u00ed, jak to spolu d\u00e1v\u00e1me, ale i osv\u011bt\u011b o tom, co jsou ME\/CFS a FND vlastn\u011b za\u010d, co na n\u011b pom\u00e1h\u00e1 a jak se s nimi d\u00e1 p\u0159e\u017e\u00edvat.\" \/>\n<meta property=\"og:url\" content=\"http:\/\/terapieditetem.cz\/?cat=26\" \/>\n<meta property=\"og:site_name\" content=\"TERAPIE D\u00cdT\u011aTEM\" \/>\n<meta name=\"twitter:card\" content=\"summary_large_image\" \/>\n<script type=\"application\/ld+json\" class=\"yoast-schema-graph\">{\"@context\":\"https:\/\/schema.org\",\"@graph\":[{\"@type\":\"CollectionPage\",\"@id\":\"http:\/\/terapieditetem.cz\/?cat=26\",\"url\":\"http:\/\/terapieditetem.cz\/?cat=26\",\"name\":\"Kdo jsem Archives - TERAPIE D\u00cdT\u011aTEM\",\"isPartOf\":{\"@id\":\"http:\/\/terapieditetem.cz\/#website\"},\"breadcrumb\":{\"@id\":\"http:\/\/terapieditetem.cz\/?cat=26#breadcrumb\"},\"inLanguage\":\"cs\"},{\"@type\":\"BreadcrumbList\",\"@id\":\"http:\/\/terapieditetem.cz\/?cat=26#breadcrumb\",\"itemListElement\":[{\"@type\":\"ListItem\",\"position\":1,\"name\":\"Home\",\"item\":\"http:\/\/terapieditetem.cz\/\"},{\"@type\":\"ListItem\",\"position\":2,\"name\":\"Kdo jsem\"}]},{\"@type\":\"WebSite\",\"@id\":\"http:\/\/terapieditetem.cz\/#website\",\"url\":\"http:\/\/terapieditetem.cz\/\",\"name\":\"TERAPIE D\u00cdT\u011aTEM\",\"description\":\"\",\"publisher\":{\"@id\":\"http:\/\/terapieditetem.cz\/#organization\"},\"potentialAction\":[{\"@type\":\"SearchAction\",\"target\":{\"@type\":\"EntryPoint\",\"urlTemplate\":\"http:\/\/terapieditetem.cz\/?s={search_term_string}\"},\"query-input\":\"required name=search_term_string\"}],\"inLanguage\":\"cs\"},{\"@type\":\"Organization\",\"@id\":\"http:\/\/terapieditetem.cz\/#organization\",\"name\":\"TERAPIE D\u00cdT\u011aTEM\",\"url\":\"http:\/\/terapieditetem.cz\/\",\"logo\":{\"@type\":\"ImageObject\",\"inLanguage\":\"cs\",\"@id\":\"http:\/\/terapieditetem.cz\/#\/schema\/logo\/image\/\",\"url\":\"https:\/\/terapieditetem.cz\/wp-content\/uploads\/2023\/06\/IMG_7491-F_1x-scaled.jpg\",\"contentUrl\":\"https:\/\/terapieditetem.cz\/wp-content\/uploads\/2023\/06\/IMG_7491-F_1x-scaled.jpg\",\"width\":1707,\"height\":2560,\"caption\":\"TERAPIE D\u00cdT\u011aTEM\"},\"image\":{\"@id\":\"http:\/\/terapieditetem.cz\/#\/schema\/logo\/image\/\"}}]}<\/script>\n<!-- \/ Yoast SEO plugin. -->","yoast_head_json":{"title":"Kdo jsem Archives - TERAPIE D\u00cdT\u011aTEM","robots":{"index":"index","follow":"follow","max-snippet":"max-snippet:-1","max-image-preview":"max-image-preview:large","max-video-preview":"max-video-preview:-1"},"canonical":"http:\/\/terapieditetem.cz\/?cat=26","og_locale":"cs_CZ","og_type":"article","og_title":"Kdo jsem Archives - TERAPIE D\u00cdT\u011aTEM","og_description":"Kdo jsem Vlastn\u011b jsem toho docela hodn\u011b. Profesn\u011b jsem Dietka Jitka, z\u00e1jmov\u011b se vrt\u00e1m v p\u0159\u00edrodn\u00ed medic\u00edn\u011b, automaticky kresl\u00edm a m\u00e1m malou hol\u010di\u010dku Ani\u010dku. Ale co je\u0161t\u011b m\u00e1m, a co bych si klidn\u011b od\u0159ekla, je chronick\u00e1 nemoc. Vlastn\u011b pr\u00fd asi hned n\u011bkolik. Oni se l\u00e9ka\u0159i nem\u016f\u017eou moc shodnout. Nikdy jsem nebyla nejrychlej\u0161\u00ed &#8230;, ale m\u011bla jsem docela s\u00edlu i vytrvalost. A pak jsem m\u011bla mononukle\u00f3zu. A po n\u00ed p\u0159i\u0161la chlamydiov\u00e1 infekce, opakovan\u00e9 z\u00e1n\u011bty o\u010dn\u00ed duhovky a n\u00e1dor. O n\u011bkolik dal\u0161\u00edch let jsem najednou byla n\u011bkolik t\u00fddn\u016f tak vy\u010derpan\u00e1, \u017ee jsem neudr\u017eela ani tu\u017eku a n\u011bkdy vymyslel, \u017ee m\u00e1m roztrou\u0161enou skler\u00f3zu. Kdy\u017e mi o dal\u0161\u00edch p\u00e1r let ochrnula n\u00e1hle cel\u00e9 noha od ky\u010dle, podez\u0159en\u00ed se je\u0161t\u011b utvrdilo. Nevad\u00ed, \u017ee ji nikdy nikdy neprok\u00e1zal. A tak jsem vesele pokra\u010dovala d\u00e1l Alergie na lepek, neuralgie trigeminu, ochrnut\u00e1 noha, vysok\u00e9 hore\u010dky na 39 \u00b0C bez p\u0159\u00edznaku infekce, nesn\u00e1\u0161enlivost alkoholu, lakt\u00f3zu, histam\u00ednov\u00e1 intolerance, paralytick\u00fd ileus po porodu, skokov\u00e9 zhor\u0161ov\u00e1n\u00ed zraku, nespavost, ochrnut\u00ed p\u016flky obli\u010deje. Nikdy mi ale nic nena\u0161li. Ani tu roztrou\u0161enou skler\u00f3zu. Po asi 20 letech nesmysln\u00fdch probl\u00e9m\u016f bez zjistiteln\u00e9 p\u0159\u00ed\u010diny na\u0161la l\u00e9ka\u0159ka chronick\u00fd \u00fanavov\u00fd syndrom. To ale pop\u00edraj\u00ed dal\u0161\u00ed l\u00e9ka\u0159i. Pr\u00fd jsem jen (za t\u011bch mnoho let) nedostate\u010dn\u011b vy\u0161et\u0159en\u00e1. Tak\u017ee m\u00e1m je\u0161t\u011b funk\u010dn\u00ed neurologick\u00e9 posti\u017een\u00ed a pr\u00fd je\u0161t\u011b asi i n\u011bjak\u00fd typ dystrofie. Ale komu by se cht\u011blo v tom p\u00e1tr\u00e1n\u00ed pokra\u010dovat, \u017ee jo? Chronick\u00fd \u00fanavov\u00fd syndrom by mi klidn\u011b sta\u010dil. A nakonec p\u0159i\u0161la Ani\u010dka Nem\u016f\u017eu, bohu\u017eel, potvrdit, \u017ee kdy\u017e budu m\u00edt d\u00edt\u011b, \u017ee nebudu m\u00edt na nemoci \u010das. Ono vlastn\u011b sp\u00ed\u0161 naopak, hl\u00e1s\u00ed se samy od sebe o to v\u00edc, proto\u017ee u\u017e nem\u016f\u017eu cel\u00fd v\u00edkend prospat. M\u00edt chronick\u00e9 onemocn\u011bn\u00ed je hell. Ale m\u00edt k tomu je\u0161t\u011b mal\u00e9 d\u00edt\u011b, to je teprv hard core. Tak n\u011bjak V\u00e1s to donut\u00ed p\u0159em\u00fd\u0161let i chovat se jinak. Jak chronick\u00e1 nemoc bez d\u00edt\u011bte, tak d\u00edt\u011b bez chronick\u00e9 nemoci. A co teprv dohromady? Zvu V\u00e1s nejen ke sledov\u00e1n\u00ed, jak to spolu d\u00e1v\u00e1me, ale i osv\u011bt\u011b o tom, co jsou ME\/CFS a FND vlastn\u011b za\u010d, co na n\u011b pom\u00e1h\u00e1 a jak se s nimi d\u00e1 p\u0159e\u017e\u00edvat.","og_url":"http:\/\/terapieditetem.cz\/?cat=26","og_site_name":"TERAPIE D\u00cdT\u011aTEM","twitter_card":"summary_large_image","schema":{"@context":"https:\/\/schema.org","@graph":[{"@type":"CollectionPage","@id":"http:\/\/terapieditetem.cz\/?cat=26","url":"http:\/\/terapieditetem.cz\/?cat=26","name":"Kdo jsem Archives - TERAPIE D\u00cdT\u011aTEM","isPartOf":{"@id":"http:\/\/terapieditetem.cz\/#website"},"breadcrumb":{"@id":"http:\/\/terapieditetem.cz\/?cat=26#breadcrumb"},"inLanguage":"cs"},{"@type":"BreadcrumbList","@id":"http:\/\/terapieditetem.cz\/?cat=26#breadcrumb","itemListElement":[{"@type":"ListItem","position":1,"name":"Home","item":"http:\/\/terapieditetem.cz\/"},{"@type":"ListItem","position":2,"name":"Kdo jsem"}]},{"@type":"WebSite","@id":"http:\/\/terapieditetem.cz\/#website","url":"http:\/\/terapieditetem.cz\/","name":"TERAPIE D\u00cdT\u011aTEM","description":"","publisher":{"@id":"http:\/\/terapieditetem.cz\/#organization"},"potentialAction":[{"@type":"SearchAction","target":{"@type":"EntryPoint","urlTemplate":"http:\/\/terapieditetem.cz\/?s={search_term_string}"},"query-input":"required name=search_term_string"}],"inLanguage":"cs"},{"@type":"Organization","@id":"http:\/\/terapieditetem.cz\/#organization","name":"TERAPIE D\u00cdT\u011aTEM","url":"http:\/\/terapieditetem.cz\/","logo":{"@type":"ImageObject","inLanguage":"cs","@id":"http:\/\/terapieditetem.cz\/#\/schema\/logo\/image\/","url":"https:\/\/terapieditetem.cz\/wp-content\/uploads\/2023\/06\/IMG_7491-F_1x-scaled.jpg","contentUrl":"https:\/\/terapieditetem.cz\/wp-content\/uploads\/2023\/06\/IMG_7491-F_1x-scaled.jpg","width":1707,"height":2560,"caption":"TERAPIE D\u00cdT\u011aTEM"},"image":{"@id":"http:\/\/terapieditetem.cz\/#\/schema\/logo\/image\/"}}]}},"_links":{"self":[{"href":"https:\/\/terapieditetem.cz\/index.php?rest_route=\/wp\/v2\/categories\/26"}],"collection":[{"href":"https:\/\/terapieditetem.cz\/index.php?rest_route=\/wp\/v2\/categories"}],"about":[{"href":"https:\/\/terapieditetem.cz\/index.php?rest_route=\/wp\/v2\/taxonomies\/category"}],"wp:post_type":[{"href":"https:\/\/terapieditetem.cz\/index.php?rest_route=%2Fwp%2Fv2%2Fposts&categories=26"}],"curies":[{"name":"wp","href":"https:\/\/api.w.org\/{rel}","templated":true}]}}