{"id":91,"date":"2023-01-16T15:27:00","date_gmt":"2023-01-16T14:27:00","guid":{"rendered":"https:\/\/terapieditetem.cz\/?p=91"},"modified":"2023-06-09T15:29:53","modified_gmt":"2023-06-09T13:29:53","slug":"koziskove-backurky","status":"publish","type":"post","link":"http:\/\/terapieditetem.cz\/?p=91","title":{"rendered":"KO\u017d\u00cd\u0160KOV\u00c9 BA\u010cK\u016eRKY"},"content":{"rendered":"\n<p>Zmrzl\u00e9 nohy m\u00e1m u\u017e od d\u011btstv\u00ed. Ned\u00e1 se s t\u00edm sp\u00e1t, pokud si ned\u00e1m fakt horkou sprchu.<\/p>\n\n\n\n<p>Letos jsem k V\u00e1noc\u016fm od mamky dostala ko\u017e\u00ed\u0161kov\u00e9 ba\u010dk\u016frky a &#8211; funguj\u00ed! Hork\u00e1 sprcha net\u0159eba. Nejv\u00edc se radoval m\u011bl m\u016fj mu\u017e se slovy, \u017ee hur\u00e1 &#8211; jsme milion\u00e1\u0159i. Jako kdyby n\u00e1m zru\u0161en\u00ed m\u00fdch p\u00e1r minut hork\u00e9 sprchy vynulovalo \u00fa\u010det za vodu&nbsp;<img decoding=\"async\" loading=\"lazy\" height=\"16\" width=\"16\" alt=\"\ud83e\udd14\" src=\"https:\/\/static.xx.fbcdn.net\/images\/emoji.php\/v9\/td3\/2\/16\/1f914.png\"><\/p>\n\n\n\n<p>Jenom, bohu\u017eel, tak \u00fapln\u011b nefunguj\u00ed na uvoln\u011bn\u00ed tuhnouc\u00edch sval\u016f. Tak to abych zas odvolala, co jsem sl\u00edbila&nbsp;<img decoding=\"async\" loading=\"lazy\" height=\"16\" width=\"16\" alt=\"\ud83e\udd26\ud83c\udffb\u200d\u2640\ufe0f\" src=\"https:\/\/static.xx.fbcdn.net\/images\/emoji.php\/v9\/t5d\/2\/16\/1f926_1f3fb_200d_2640.png\"><img decoding=\"async\" loading=\"lazy\" height=\"16\" width=\"16\" alt=\"\ud83e\udd23\" src=\"https:\/\/static.xx.fbcdn.net\/images\/emoji.php\/v9\/tf1\/2\/16\/1f923.png\"><\/p>\n","protected":false},"excerpt":{"rendered":"<p>Zmrzl\u00e9 nohy m\u00e1m u\u017e od d\u011btstv\u00ed. Ned\u00e1 se s t\u00edm sp\u00e1t, pokud si ned\u00e1m fakt horkou sprchu. Letos jsem k V\u00e1noc\u016fm od mamky dostala ko\u017e\u00ed\u0161kov\u00e9 ba\u010dk\u016frky a &#8211; funguj\u00ed! Hork\u00e1 sprcha net\u0159eba. Nejv\u00edc se radoval m\u011bl m\u016fj mu\u017e se slovy, \u017ee hur\u00e1 &#8211; jsme milion\u00e1\u0159i. Jako kdyby n\u00e1m zru\u0161en\u00ed m\u00fdch p\u00e1r minut hork\u00e9 sprchy vynulovalo [&hellip;]<\/p>\n","protected":false},"author":1,"featured_media":92,"comment_status":"open","ping_status":"open","sticky":false,"template":"","format":"standard","meta":{"_mi_skip_tracking":false,"_monsterinsights_sitenote_active":false,"_monsterinsights_sitenote_note":"","_monsterinsights_sitenote_category":0},"categories":[16],"tags":[10,11,12,9,17,13],"yoast_head":"<!-- This site is optimized with the Yoast SEO plugin v20.8 - https:\/\/yoast.com\/wordpress\/plugins\/seo\/ -->\n<title>KO\u017d\u00cd\u0160KOV\u00c9 BA\u010cK\u016eRKY - TERAPIE D\u00cdT\u011aTEM<\/title>\n<meta name=\"robots\" content=\"index, follow, max-snippet:-1, max-image-preview:large, max-video-preview:-1\" \/>\n<link rel=\"canonical\" href=\"http:\/\/terapieditetem.cz\/?p=91\" \/>\n<meta property=\"og:locale\" content=\"cs_CZ\" \/>\n<meta property=\"og:type\" content=\"article\" \/>\n<meta property=\"og:title\" content=\"KO\u017d\u00cd\u0160KOV\u00c9 BA\u010cK\u016eRKY - TERAPIE D\u00cdT\u011aTEM\" \/>\n<meta property=\"og:description\" content=\"Zmrzl\u00e9 nohy m\u00e1m u\u017e od d\u011btstv\u00ed. Ned\u00e1 se s t\u00edm sp\u00e1t, pokud si ned\u00e1m fakt horkou sprchu. Letos jsem k V\u00e1noc\u016fm od mamky dostala ko\u017e\u00ed\u0161kov\u00e9 ba\u010dk\u016frky a &#8211; funguj\u00ed! Hork\u00e1 sprcha net\u0159eba. Nejv\u00edc se radoval m\u011bl m\u016fj mu\u017e se slovy, \u017ee hur\u00e1 &#8211; jsme milion\u00e1\u0159i. Jako kdyby n\u00e1m zru\u0161en\u00ed m\u00fdch p\u00e1r minut hork\u00e9 sprchy vynulovalo [&hellip;]\" \/>\n<meta property=\"og:url\" content=\"http:\/\/terapieditetem.cz\/?p=91\" \/>\n<meta property=\"og:site_name\" content=\"TERAPIE D\u00cdT\u011aTEM\" \/>\n<meta property=\"article:published_time\" content=\"2023-01-16T14:27:00+00:00\" \/>\n<meta property=\"article:modified_time\" content=\"2023-06-09T13:29:53+00:00\" \/>\n<meta property=\"og:image\" content=\"http:\/\/terapieditetem.cz\/wp-content\/uploads\/2023\/06\/323426919_1223776641877479_767172055147103696_n.jpg\" \/>\n\t<meta property=\"og:image:width\" content=\"718\" \/>\n\t<meta property=\"og:image:height\" content=\"960\" \/>\n\t<meta property=\"og:image:type\" content=\"image\/jpeg\" \/>\n<meta name=\"author\" content=\"Terapie Ditetem\" \/>\n<meta name=\"twitter:card\" content=\"summary_large_image\" \/>\n<meta name=\"twitter:label1\" content=\"Napsal(a)\" \/>\n\t<meta name=\"twitter:data1\" content=\"Terapie Ditetem\" \/>\n\t<meta name=\"twitter:label2\" content=\"Odhadovan\u00e1 doba \u010dten\u00ed\" \/>\n\t<meta name=\"twitter:data2\" content=\"1 minuta\" \/>\n<script type=\"application\/ld+json\" class=\"yoast-schema-graph\">{\"@context\":\"https:\/\/schema.org\",\"@graph\":[{\"@type\":\"Article\",\"@id\":\"http:\/\/terapieditetem.cz\/?p=91#article\",\"isPartOf\":{\"@id\":\"http:\/\/terapieditetem.cz\/?p=91\"},\"author\":{\"name\":\"Terapie Ditetem\",\"@id\":\"http:\/\/terapieditetem.cz\/#\/schema\/person\/99a0e58673a54c9428f224749b27bb69\"},\"headline\":\"KO\u017d\u00cd\u0160KOV\u00c9 BA\u010cK\u016eRKY\",\"datePublished\":\"2023-01-16T14:27:00+00:00\",\"dateModified\":\"2023-06-09T13:29:53+00:00\",\"mainEntityOfPage\":{\"@id\":\"http:\/\/terapieditetem.cz\/?p=91\"},\"wordCount\":105,\"commentCount\":0,\"publisher\":{\"@id\":\"http:\/\/terapieditetem.cz\/#organization\"},\"keywords\":[\"chronick\u00fd \u00fanavov\u00fd syndrom\",\"fnd\",\"funk\u010dn\u00ed neurologick\u00e9 posti\u017een\u00ed\",\"mecfs\",\"myalgick\u00e1 encefalomyelitida\",\"terapie d\u00edt\u011btem\"],\"articleSection\":[\"Moje kombo\"],\"inLanguage\":\"cs\",\"potentialAction\":[{\"@type\":\"CommentAction\",\"name\":\"Comment\",\"target\":[\"http:\/\/terapieditetem.cz\/?p=91#respond\"]}]},{\"@type\":\"WebPage\",\"@id\":\"http:\/\/terapieditetem.cz\/?p=91\",\"url\":\"http:\/\/terapieditetem.cz\/?p=91\",\"name\":\"KO\u017d\u00cd\u0160KOV\u00c9 BA\u010cK\u016eRKY - TERAPIE D\u00cdT\u011aTEM\",\"isPartOf\":{\"@id\":\"http:\/\/terapieditetem.cz\/#website\"},\"datePublished\":\"2023-01-16T14:27:00+00:00\",\"dateModified\":\"2023-06-09T13:29:53+00:00\",\"breadcrumb\":{\"@id\":\"http:\/\/terapieditetem.cz\/?p=91#breadcrumb\"},\"inLanguage\":\"cs\",\"potentialAction\":[{\"@type\":\"ReadAction\",\"target\":[\"http:\/\/terapieditetem.cz\/?p=91\"]}]},{\"@type\":\"BreadcrumbList\",\"@id\":\"http:\/\/terapieditetem.cz\/?p=91#breadcrumb\",\"itemListElement\":[{\"@type\":\"ListItem\",\"position\":1,\"name\":\"Home\",\"item\":\"http:\/\/terapieditetem.cz\/\"},{\"@type\":\"ListItem\",\"position\":2,\"name\":\"KO\u017d\u00cd\u0160KOV\u00c9 BA\u010cK\u016eRKY\"}]},{\"@type\":\"WebSite\",\"@id\":\"http:\/\/terapieditetem.cz\/#website\",\"url\":\"http:\/\/terapieditetem.cz\/\",\"name\":\"TERAPIE D\u00cdT\u011aTEM\",\"description\":\"\",\"publisher\":{\"@id\":\"http:\/\/terapieditetem.cz\/#organization\"},\"potentialAction\":[{\"@type\":\"SearchAction\",\"target\":{\"@type\":\"EntryPoint\",\"urlTemplate\":\"http:\/\/terapieditetem.cz\/?s={search_term_string}\"},\"query-input\":\"required name=search_term_string\"}],\"inLanguage\":\"cs\"},{\"@type\":\"Organization\",\"@id\":\"http:\/\/terapieditetem.cz\/#organization\",\"name\":\"TERAPIE D\u00cdT\u011aTEM\",\"url\":\"http:\/\/terapieditetem.cz\/\",\"logo\":{\"@type\":\"ImageObject\",\"inLanguage\":\"cs\",\"@id\":\"http:\/\/terapieditetem.cz\/#\/schema\/logo\/image\/\",\"url\":\"http:\/\/terapieditetem.cz\/wp-content\/uploads\/2023\/06\/IMG_7491-F_1x-scaled.jpg\",\"contentUrl\":\"http:\/\/terapieditetem.cz\/wp-content\/uploads\/2023\/06\/IMG_7491-F_1x-scaled.jpg\",\"width\":1707,\"height\":2560,\"caption\":\"TERAPIE D\u00cdT\u011aTEM\"},\"image\":{\"@id\":\"http:\/\/terapieditetem.cz\/#\/schema\/logo\/image\/\"}},{\"@type\":\"Person\",\"@id\":\"http:\/\/terapieditetem.cz\/#\/schema\/person\/99a0e58673a54c9428f224749b27bb69\",\"name\":\"Terapie Ditetem\",\"image\":{\"@type\":\"ImageObject\",\"inLanguage\":\"cs\",\"@id\":\"http:\/\/terapieditetem.cz\/#\/schema\/person\/image\/\",\"url\":\"http:\/\/1.gravatar.com\/avatar\/18d950058a0f4bf48a039d20668d3f79?s=96&d=mm&r=g\",\"contentUrl\":\"http:\/\/1.gravatar.com\/avatar\/18d950058a0f4bf48a039d20668d3f79?s=96&d=mm&r=g\",\"caption\":\"Terapie Ditetem\"},\"sameAs\":[\"http:\/\/terapieditetem.cz\"],\"url\":\"http:\/\/terapieditetem.cz\/?author=1\"}]}<\/script>\n<!-- \/ Yoast SEO plugin. -->","yoast_head_json":{"title":"KO\u017d\u00cd\u0160KOV\u00c9 BA\u010cK\u016eRKY - TERAPIE D\u00cdT\u011aTEM","robots":{"index":"index","follow":"follow","max-snippet":"max-snippet:-1","max-image-preview":"max-image-preview:large","max-video-preview":"max-video-preview:-1"},"canonical":"http:\/\/terapieditetem.cz\/?p=91","og_locale":"cs_CZ","og_type":"article","og_title":"KO\u017d\u00cd\u0160KOV\u00c9 BA\u010cK\u016eRKY - TERAPIE D\u00cdT\u011aTEM","og_description":"Zmrzl\u00e9 nohy m\u00e1m u\u017e od d\u011btstv\u00ed. Ned\u00e1 se s t\u00edm sp\u00e1t, pokud si ned\u00e1m fakt horkou sprchu. Letos jsem k V\u00e1noc\u016fm od mamky dostala ko\u017e\u00ed\u0161kov\u00e9 ba\u010dk\u016frky a &#8211; funguj\u00ed! Hork\u00e1 sprcha net\u0159eba. Nejv\u00edc se radoval m\u011bl m\u016fj mu\u017e se slovy, \u017ee hur\u00e1 &#8211; jsme milion\u00e1\u0159i. Jako kdyby n\u00e1m zru\u0161en\u00ed m\u00fdch p\u00e1r minut hork\u00e9 sprchy vynulovalo [&hellip;]","og_url":"http:\/\/terapieditetem.cz\/?p=91","og_site_name":"TERAPIE D\u00cdT\u011aTEM","article_published_time":"2023-01-16T14:27:00+00:00","article_modified_time":"2023-06-09T13:29:53+00:00","og_image":[{"width":718,"height":960,"url":"http:\/\/terapieditetem.cz\/wp-content\/uploads\/2023\/06\/323426919_1223776641877479_767172055147103696_n.jpg","type":"image\/jpeg"}],"author":"Terapie Ditetem","twitter_card":"summary_large_image","twitter_misc":{"Napsal(a)":"Terapie Ditetem","Odhadovan\u00e1 doba \u010dten\u00ed":"1 minuta"},"schema":{"@context":"https:\/\/schema.org","@graph":[{"@type":"Article","@id":"http:\/\/terapieditetem.cz\/?p=91#article","isPartOf":{"@id":"http:\/\/terapieditetem.cz\/?p=91"},"author":{"name":"Terapie Ditetem","@id":"http:\/\/terapieditetem.cz\/#\/schema\/person\/99a0e58673a54c9428f224749b27bb69"},"headline":"KO\u017d\u00cd\u0160KOV\u00c9 BA\u010cK\u016eRKY","datePublished":"2023-01-16T14:27:00+00:00","dateModified":"2023-06-09T13:29:53+00:00","mainEntityOfPage":{"@id":"http:\/\/terapieditetem.cz\/?p=91"},"wordCount":105,"commentCount":0,"publisher":{"@id":"http:\/\/terapieditetem.cz\/#organization"},"keywords":["chronick\u00fd \u00fanavov\u00fd syndrom","fnd","funk\u010dn\u00ed neurologick\u00e9 posti\u017een\u00ed","mecfs","myalgick\u00e1 encefalomyelitida","terapie d\u00edt\u011btem"],"articleSection":["Moje kombo"],"inLanguage":"cs","potentialAction":[{"@type":"CommentAction","name":"Comment","target":["http:\/\/terapieditetem.cz\/?p=91#respond"]}]},{"@type":"WebPage","@id":"http:\/\/terapieditetem.cz\/?p=91","url":"http:\/\/terapieditetem.cz\/?p=91","name":"KO\u017d\u00cd\u0160KOV\u00c9 BA\u010cK\u016eRKY - TERAPIE D\u00cdT\u011aTEM","isPartOf":{"@id":"http:\/\/terapieditetem.cz\/#website"},"datePublished":"2023-01-16T14:27:00+00:00","dateModified":"2023-06-09T13:29:53+00:00","breadcrumb":{"@id":"http:\/\/terapieditetem.cz\/?p=91#breadcrumb"},"inLanguage":"cs","potentialAction":[{"@type":"ReadAction","target":["http:\/\/terapieditetem.cz\/?p=91"]}]},{"@type":"BreadcrumbList","@id":"http:\/\/terapieditetem.cz\/?p=91#breadcrumb","itemListElement":[{"@type":"ListItem","position":1,"name":"Home","item":"http:\/\/terapieditetem.cz\/"},{"@type":"ListItem","position":2,"name":"KO\u017d\u00cd\u0160KOV\u00c9 BA\u010cK\u016eRKY"}]},{"@type":"WebSite","@id":"http:\/\/terapieditetem.cz\/#website","url":"http:\/\/terapieditetem.cz\/","name":"TERAPIE D\u00cdT\u011aTEM","description":"","publisher":{"@id":"http:\/\/terapieditetem.cz\/#organization"},"potentialAction":[{"@type":"SearchAction","target":{"@type":"EntryPoint","urlTemplate":"http:\/\/terapieditetem.cz\/?s={search_term_string}"},"query-input":"required name=search_term_string"}],"inLanguage":"cs"},{"@type":"Organization","@id":"http:\/\/terapieditetem.cz\/#organization","name":"TERAPIE D\u00cdT\u011aTEM","url":"http:\/\/terapieditetem.cz\/","logo":{"@type":"ImageObject","inLanguage":"cs","@id":"http:\/\/terapieditetem.cz\/#\/schema\/logo\/image\/","url":"http:\/\/terapieditetem.cz\/wp-content\/uploads\/2023\/06\/IMG_7491-F_1x-scaled.jpg","contentUrl":"http:\/\/terapieditetem.cz\/wp-content\/uploads\/2023\/06\/IMG_7491-F_1x-scaled.jpg","width":1707,"height":2560,"caption":"TERAPIE D\u00cdT\u011aTEM"},"image":{"@id":"http:\/\/terapieditetem.cz\/#\/schema\/logo\/image\/"}},{"@type":"Person","@id":"http:\/\/terapieditetem.cz\/#\/schema\/person\/99a0e58673a54c9428f224749b27bb69","name":"Terapie Ditetem","image":{"@type":"ImageObject","inLanguage":"cs","@id":"http:\/\/terapieditetem.cz\/#\/schema\/person\/image\/","url":"http:\/\/1.gravatar.com\/avatar\/18d950058a0f4bf48a039d20668d3f79?s=96&d=mm&r=g","contentUrl":"http:\/\/1.gravatar.com\/avatar\/18d950058a0f4bf48a039d20668d3f79?s=96&d=mm&r=g","caption":"Terapie Ditetem"},"sameAs":["http:\/\/terapieditetem.cz"],"url":"http:\/\/terapieditetem.cz\/?author=1"}]}},"_links":{"self":[{"href":"http:\/\/terapieditetem.cz\/index.php?rest_route=\/wp\/v2\/posts\/91"}],"collection":[{"href":"http:\/\/terapieditetem.cz\/index.php?rest_route=\/wp\/v2\/posts"}],"about":[{"href":"http:\/\/terapieditetem.cz\/index.php?rest_route=\/wp\/v2\/types\/post"}],"author":[{"embeddable":true,"href":"http:\/\/terapieditetem.cz\/index.php?rest_route=\/wp\/v2\/users\/1"}],"replies":[{"embeddable":true,"href":"http:\/\/terapieditetem.cz\/index.php?rest_route=%2Fwp%2Fv2%2Fcomments&post=91"}],"version-history":[{"count":1,"href":"http:\/\/terapieditetem.cz\/index.php?rest_route=\/wp\/v2\/posts\/91\/revisions"}],"predecessor-version":[{"id":93,"href":"http:\/\/terapieditetem.cz\/index.php?rest_route=\/wp\/v2\/posts\/91\/revisions\/93"}],"wp:featuredmedia":[{"embeddable":true,"href":"http:\/\/terapieditetem.cz\/index.php?rest_route=\/wp\/v2\/media\/92"}],"wp:attachment":[{"href":"http:\/\/terapieditetem.cz\/index.php?rest_route=%2Fwp%2Fv2%2Fmedia&parent=91"}],"wp:term":[{"taxonomy":"category","embeddable":true,"href":"http:\/\/terapieditetem.cz\/index.php?rest_route=%2Fwp%2Fv2%2Fcategories&post=91"},{"taxonomy":"post_tag","embeddable":true,"href":"http:\/\/terapieditetem.cz\/index.php?rest_route=%2Fwp%2Fv2%2Ftags&post=91"}],"curies":[{"name":"wp","href":"https:\/\/api.w.org\/{rel}","templated":true}]}}