{"id":34,"date":"2022-12-05T21:58:00","date_gmt":"2022-12-05T20:58:00","guid":{"rendered":"https:\/\/terapieditetem.cz\/?p=34"},"modified":"2023-06-07T23:05:10","modified_gmt":"2023-06-07T21:05:10","slug":"kdyz-jste-psavec-a-prijde-myslenka-musite-psat","status":"publish","type":"post","link":"http:\/\/terapieditetem.cz\/?p=34","title":{"rendered":"Kdy\u017e jste psavec a p\u0159ijde my\u0161lenka, mus\u00edte ps\u00e1t"},"content":{"rendered":"\n<p>My\u0161lenka p\u0159i\u0161la po jedn\u00e9 z na\u0161ich&nbsp;<a href=\"https:\/\/www.facebook.com\/hashtag\/ne%C3%BAnavn%C3%BDch?__eep__=6&amp;__tn__=*NK*F\">#ne\u00fanavn\u00fdch<\/a>&nbsp;diskus\u00ed o tom, jak\u00e9 to je m\u00edt CFS a k tomu d\u00edt\u011b. D\u011bkuji za diskusi, kter\u00e1 m\u011b dovedla k tomu, co u\u017e m\u00e1m vyzkou\u0161en\u00e9 p\u0159es dvacet let &#8211; v hlav\u011b se mi n\u011bco va\u0159\u00ed ka\u017edou chv\u00edli a psan\u00ed mi pom\u00e1h\u00e1 vypsat se z blbejch stav\u016f. A \u017ee t\u011bch s ME\/ CFS nen\u00ed zrovna m\u00e1lo.<br><br>P\u0159ed lety se k m\u00fdm, tehdy je\u0161t\u011b ne \u00fapln\u011b konkr\u00e9tn\u00edm stav\u016fm vyjad\u0159ovala stani\u010dn\u00ed sestra slovy: &#8222;to je t\u00edm, \u017ee nem\u00e1te chlapa a d\u011bti. To byste na tyhle Va\u0161e nesmysly nem\u011bla \u010das.&#8220; A m\u011bla pravdu. Trochu. \u010c\u00e1ste\u010dn\u011b. Vlastn\u011b tak n\u011bkam do p\u016flky. Kdy\u017e d\u00edt\u011b pot\u0159ebuje, mus\u00edte. Ale t\u011blo s V\u00e1mi tak \u00fapln\u011b nesouhlas\u00ed a vr\u00e1t\u00ed V\u00e1m to o n\u011bco pozd\u011bji i s \u00farokama.<br><br>A o tom to tady bude. Jak\u00e9 to je m\u00edt ME\/CFS, jak mi Aninka pom\u00e1h\u00e1, aby by bylo l\u00edp, ne\u017e by asi mohlo.<br><br>T\u0159eba jednou budou \u010dl\u00e1nky n\u011bkomu inspirac\u00ed v rozhodov\u00e1n\u00ed, zda a za jak\u00fdch podm\u00ednek si d\u00edt\u011b (ne)po\u0159\u00eddit, klidn\u011b i s jin\u00fdm chronick\u00fdm onemocn\u011bn\u00ed.&nbsp;<\/p>\n\n\n\n<p><\/p>\n","protected":false},"excerpt":{"rendered":"<p>My\u0161lenka p\u0159i\u0161la po jedn\u00e9 z na\u0161ich&nbsp;#ne\u00fanavn\u00fdch&nbsp;diskus\u00ed o tom, jak\u00e9 to je m\u00edt CFS a k tomu d\u00edt\u011b. D\u011bkuji za diskusi, kter\u00e1 m\u011b dovedla k tomu, co u\u017e m\u00e1m vyzkou\u0161en\u00e9 p\u0159es dvacet let &#8211; v hlav\u011b se mi n\u011bco va\u0159\u00ed ka\u017edou chv\u00edli a psan\u00ed mi pom\u00e1h\u00e1 vypsat se z blbejch stav\u016f. A \u017ee t\u011bch s ME\/ [&hellip;]<\/p>\n","protected":false},"author":1,"featured_media":36,"comment_status":"open","ping_status":"open","sticky":false,"template":"","format":"standard","meta":{"_mi_skip_tracking":false,"_monsterinsights_sitenote_active":false,"_monsterinsights_sitenote_note":"","_monsterinsights_sitenote_category":0},"categories":[14],"tags":[10,11,12,9,13],"yoast_head":"<!-- This site is optimized with the Yoast SEO plugin v20.8 - https:\/\/yoast.com\/wordpress\/plugins\/seo\/ -->\n<title>Kdy\u017e jste psavec a p\u0159ijde my\u0161lenka, mus\u00edte ps\u00e1t - TERAPIE D\u00cdT\u011aTEM<\/title>\n<meta name=\"robots\" content=\"index, follow, max-snippet:-1, max-image-preview:large, max-video-preview:-1\" \/>\n<link rel=\"canonical\" href=\"http:\/\/terapieditetem.cz\/?p=34\" \/>\n<meta property=\"og:locale\" content=\"cs_CZ\" \/>\n<meta property=\"og:type\" content=\"article\" \/>\n<meta property=\"og:title\" content=\"Kdy\u017e jste psavec a p\u0159ijde my\u0161lenka, mus\u00edte ps\u00e1t - TERAPIE D\u00cdT\u011aTEM\" \/>\n<meta property=\"og:description\" content=\"My\u0161lenka p\u0159i\u0161la po jedn\u00e9 z na\u0161ich&nbsp;#ne\u00fanavn\u00fdch&nbsp;diskus\u00ed o tom, jak\u00e9 to je m\u00edt CFS a k tomu d\u00edt\u011b. D\u011bkuji za diskusi, kter\u00e1 m\u011b dovedla k tomu, co u\u017e m\u00e1m vyzkou\u0161en\u00e9 p\u0159es dvacet let &#8211; v hlav\u011b se mi n\u011bco va\u0159\u00ed ka\u017edou chv\u00edli a psan\u00ed mi pom\u00e1h\u00e1 vypsat se z blbejch stav\u016f. A \u017ee t\u011bch s ME\/ [&hellip;]\" \/>\n<meta property=\"og:url\" content=\"http:\/\/terapieditetem.cz\/?p=34\" \/>\n<meta property=\"og:site_name\" content=\"TERAPIE D\u00cdT\u011aTEM\" \/>\n<meta property=\"article:published_time\" content=\"2022-12-05T20:58:00+00:00\" \/>\n<meta property=\"article:modified_time\" content=\"2023-06-07T21:05:10+00:00\" \/>\n<meta property=\"og:image\" content=\"http:\/\/terapieditetem.cz\/wp-content\/uploads\/2023\/06\/318003219_105321989091756_8172250970658236778_n.jpg\" \/>\n\t<meta property=\"og:image:width\" content=\"1536\" \/>\n\t<meta property=\"og:image:height\" content=\"2048\" \/>\n\t<meta property=\"og:image:type\" content=\"image\/jpeg\" \/>\n<meta name=\"author\" content=\"Terapie Ditetem\" \/>\n<meta name=\"twitter:card\" content=\"summary_large_image\" \/>\n<meta name=\"twitter:label1\" content=\"Napsal(a)\" \/>\n\t<meta name=\"twitter:data1\" content=\"Terapie Ditetem\" \/>\n\t<meta name=\"twitter:label2\" content=\"Odhadovan\u00e1 doba \u010dten\u00ed\" \/>\n\t<meta name=\"twitter:data2\" content=\"1 minuta\" \/>\n<script type=\"application\/ld+json\" class=\"yoast-schema-graph\">{\"@context\":\"https:\/\/schema.org\",\"@graph\":[{\"@type\":\"Article\",\"@id\":\"http:\/\/terapieditetem.cz\/?p=34#article\",\"isPartOf\":{\"@id\":\"http:\/\/terapieditetem.cz\/?p=34\"},\"author\":{\"name\":\"Terapie Ditetem\",\"@id\":\"https:\/\/terapieditetem.cz\/#\/schema\/person\/99a0e58673a54c9428f224749b27bb69\"},\"headline\":\"Kdy\u017e jste psavec a p\u0159ijde my\u0161lenka, mus\u00edte ps\u00e1t\",\"datePublished\":\"2022-12-05T20:58:00+00:00\",\"dateModified\":\"2023-06-07T21:05:10+00:00\",\"mainEntityOfPage\":{\"@id\":\"http:\/\/terapieditetem.cz\/?p=34\"},\"wordCount\":243,\"commentCount\":0,\"publisher\":{\"@id\":\"https:\/\/terapieditetem.cz\/#organization\"},\"keywords\":[\"chronick\u00fd \u00fanavov\u00fd syndrom\",\"fnd\",\"funk\u010dn\u00ed neurologick\u00e9 posti\u017een\u00ed\",\"mecfs\",\"terapie d\u00edt\u011btem\"],\"articleSection\":[\"Z na\u0161eho \u017eivota\"],\"inLanguage\":\"cs\",\"potentialAction\":[{\"@type\":\"CommentAction\",\"name\":\"Comment\",\"target\":[\"http:\/\/terapieditetem.cz\/?p=34#respond\"]}]},{\"@type\":\"WebPage\",\"@id\":\"http:\/\/terapieditetem.cz\/?p=34\",\"url\":\"http:\/\/terapieditetem.cz\/?p=34\",\"name\":\"Kdy\u017e jste psavec a p\u0159ijde my\u0161lenka, mus\u00edte ps\u00e1t - TERAPIE D\u00cdT\u011aTEM\",\"isPartOf\":{\"@id\":\"https:\/\/terapieditetem.cz\/#website\"},\"datePublished\":\"2022-12-05T20:58:00+00:00\",\"dateModified\":\"2023-06-07T21:05:10+00:00\",\"breadcrumb\":{\"@id\":\"http:\/\/terapieditetem.cz\/?p=34#breadcrumb\"},\"inLanguage\":\"cs\",\"potentialAction\":[{\"@type\":\"ReadAction\",\"target\":[\"http:\/\/terapieditetem.cz\/?p=34\"]}]},{\"@type\":\"BreadcrumbList\",\"@id\":\"http:\/\/terapieditetem.cz\/?p=34#breadcrumb\",\"itemListElement\":[{\"@type\":\"ListItem\",\"position\":1,\"name\":\"Home\",\"item\":\"https:\/\/terapieditetem.cz\/\"},{\"@type\":\"ListItem\",\"position\":2,\"name\":\"Kdy\u017e jste psavec a p\u0159ijde my\u0161lenka, mus\u00edte ps\u00e1t\"}]},{\"@type\":\"WebSite\",\"@id\":\"https:\/\/terapieditetem.cz\/#website\",\"url\":\"https:\/\/terapieditetem.cz\/\",\"name\":\"TERAPIE D\u00cdT\u011aTEM\",\"description\":\"\",\"publisher\":{\"@id\":\"https:\/\/terapieditetem.cz\/#organization\"},\"potentialAction\":[{\"@type\":\"SearchAction\",\"target\":{\"@type\":\"EntryPoint\",\"urlTemplate\":\"https:\/\/terapieditetem.cz\/?s={search_term_string}\"},\"query-input\":\"required name=search_term_string\"}],\"inLanguage\":\"cs\"},{\"@type\":\"Organization\",\"@id\":\"https:\/\/terapieditetem.cz\/#organization\",\"name\":\"TERAPIE D\u00cdT\u011aTEM\",\"url\":\"https:\/\/terapieditetem.cz\/\",\"logo\":{\"@type\":\"ImageObject\",\"inLanguage\":\"cs\",\"@id\":\"https:\/\/terapieditetem.cz\/#\/schema\/logo\/image\/\",\"url\":\"http:\/\/terapieditetem.cz\/wp-content\/uploads\/2023\/06\/IMG_7491-F_1x-scaled.jpg\",\"contentUrl\":\"http:\/\/terapieditetem.cz\/wp-content\/uploads\/2023\/06\/IMG_7491-F_1x-scaled.jpg\",\"width\":1707,\"height\":2560,\"caption\":\"TERAPIE D\u00cdT\u011aTEM\"},\"image\":{\"@id\":\"https:\/\/terapieditetem.cz\/#\/schema\/logo\/image\/\"}},{\"@type\":\"Person\",\"@id\":\"https:\/\/terapieditetem.cz\/#\/schema\/person\/99a0e58673a54c9428f224749b27bb69\",\"name\":\"Terapie Ditetem\",\"image\":{\"@type\":\"ImageObject\",\"inLanguage\":\"cs\",\"@id\":\"https:\/\/terapieditetem.cz\/#\/schema\/person\/image\/\",\"url\":\"http:\/\/1.gravatar.com\/avatar\/18d950058a0f4bf48a039d20668d3f79?s=96&d=mm&r=g\",\"contentUrl\":\"http:\/\/1.gravatar.com\/avatar\/18d950058a0f4bf48a039d20668d3f79?s=96&d=mm&r=g\",\"caption\":\"Terapie Ditetem\"},\"sameAs\":[\"http:\/\/terapieditetem.cz\"],\"url\":\"http:\/\/terapieditetem.cz\/?author=1\"}]}<\/script>\n<!-- \/ Yoast SEO plugin. -->","yoast_head_json":{"title":"Kdy\u017e jste psavec a p\u0159ijde my\u0161lenka, mus\u00edte ps\u00e1t - TERAPIE D\u00cdT\u011aTEM","robots":{"index":"index","follow":"follow","max-snippet":"max-snippet:-1","max-image-preview":"max-image-preview:large","max-video-preview":"max-video-preview:-1"},"canonical":"http:\/\/terapieditetem.cz\/?p=34","og_locale":"cs_CZ","og_type":"article","og_title":"Kdy\u017e jste psavec a p\u0159ijde my\u0161lenka, mus\u00edte ps\u00e1t - TERAPIE D\u00cdT\u011aTEM","og_description":"My\u0161lenka p\u0159i\u0161la po jedn\u00e9 z na\u0161ich&nbsp;#ne\u00fanavn\u00fdch&nbsp;diskus\u00ed o tom, jak\u00e9 to je m\u00edt CFS a k tomu d\u00edt\u011b. D\u011bkuji za diskusi, kter\u00e1 m\u011b dovedla k tomu, co u\u017e m\u00e1m vyzkou\u0161en\u00e9 p\u0159es dvacet let &#8211; v hlav\u011b se mi n\u011bco va\u0159\u00ed ka\u017edou chv\u00edli a psan\u00ed mi pom\u00e1h\u00e1 vypsat se z blbejch stav\u016f. A \u017ee t\u011bch s ME\/ [&hellip;]","og_url":"http:\/\/terapieditetem.cz\/?p=34","og_site_name":"TERAPIE D\u00cdT\u011aTEM","article_published_time":"2022-12-05T20:58:00+00:00","article_modified_time":"2023-06-07T21:05:10+00:00","og_image":[{"width":1536,"height":2048,"url":"http:\/\/terapieditetem.cz\/wp-content\/uploads\/2023\/06\/318003219_105321989091756_8172250970658236778_n.jpg","type":"image\/jpeg"}],"author":"Terapie Ditetem","twitter_card":"summary_large_image","twitter_misc":{"Napsal(a)":"Terapie Ditetem","Odhadovan\u00e1 doba \u010dten\u00ed":"1 minuta"},"schema":{"@context":"https:\/\/schema.org","@graph":[{"@type":"Article","@id":"http:\/\/terapieditetem.cz\/?p=34#article","isPartOf":{"@id":"http:\/\/terapieditetem.cz\/?p=34"},"author":{"name":"Terapie Ditetem","@id":"https:\/\/terapieditetem.cz\/#\/schema\/person\/99a0e58673a54c9428f224749b27bb69"},"headline":"Kdy\u017e jste psavec a p\u0159ijde my\u0161lenka, mus\u00edte ps\u00e1t","datePublished":"2022-12-05T20:58:00+00:00","dateModified":"2023-06-07T21:05:10+00:00","mainEntityOfPage":{"@id":"http:\/\/terapieditetem.cz\/?p=34"},"wordCount":243,"commentCount":0,"publisher":{"@id":"https:\/\/terapieditetem.cz\/#organization"},"keywords":["chronick\u00fd \u00fanavov\u00fd syndrom","fnd","funk\u010dn\u00ed neurologick\u00e9 posti\u017een\u00ed","mecfs","terapie d\u00edt\u011btem"],"articleSection":["Z na\u0161eho \u017eivota"],"inLanguage":"cs","potentialAction":[{"@type":"CommentAction","name":"Comment","target":["http:\/\/terapieditetem.cz\/?p=34#respond"]}]},{"@type":"WebPage","@id":"http:\/\/terapieditetem.cz\/?p=34","url":"http:\/\/terapieditetem.cz\/?p=34","name":"Kdy\u017e jste psavec a p\u0159ijde my\u0161lenka, mus\u00edte ps\u00e1t - TERAPIE D\u00cdT\u011aTEM","isPartOf":{"@id":"https:\/\/terapieditetem.cz\/#website"},"datePublished":"2022-12-05T20:58:00+00:00","dateModified":"2023-06-07T21:05:10+00:00","breadcrumb":{"@id":"http:\/\/terapieditetem.cz\/?p=34#breadcrumb"},"inLanguage":"cs","potentialAction":[{"@type":"ReadAction","target":["http:\/\/terapieditetem.cz\/?p=34"]}]},{"@type":"BreadcrumbList","@id":"http:\/\/terapieditetem.cz\/?p=34#breadcrumb","itemListElement":[{"@type":"ListItem","position":1,"name":"Home","item":"https:\/\/terapieditetem.cz\/"},{"@type":"ListItem","position":2,"name":"Kdy\u017e jste psavec a p\u0159ijde my\u0161lenka, mus\u00edte ps\u00e1t"}]},{"@type":"WebSite","@id":"https:\/\/terapieditetem.cz\/#website","url":"https:\/\/terapieditetem.cz\/","name":"TERAPIE D\u00cdT\u011aTEM","description":"","publisher":{"@id":"https:\/\/terapieditetem.cz\/#organization"},"potentialAction":[{"@type":"SearchAction","target":{"@type":"EntryPoint","urlTemplate":"https:\/\/terapieditetem.cz\/?s={search_term_string}"},"query-input":"required name=search_term_string"}],"inLanguage":"cs"},{"@type":"Organization","@id":"https:\/\/terapieditetem.cz\/#organization","name":"TERAPIE D\u00cdT\u011aTEM","url":"https:\/\/terapieditetem.cz\/","logo":{"@type":"ImageObject","inLanguage":"cs","@id":"https:\/\/terapieditetem.cz\/#\/schema\/logo\/image\/","url":"http:\/\/terapieditetem.cz\/wp-content\/uploads\/2023\/06\/IMG_7491-F_1x-scaled.jpg","contentUrl":"http:\/\/terapieditetem.cz\/wp-content\/uploads\/2023\/06\/IMG_7491-F_1x-scaled.jpg","width":1707,"height":2560,"caption":"TERAPIE D\u00cdT\u011aTEM"},"image":{"@id":"https:\/\/terapieditetem.cz\/#\/schema\/logo\/image\/"}},{"@type":"Person","@id":"https:\/\/terapieditetem.cz\/#\/schema\/person\/99a0e58673a54c9428f224749b27bb69","name":"Terapie Ditetem","image":{"@type":"ImageObject","inLanguage":"cs","@id":"https:\/\/terapieditetem.cz\/#\/schema\/person\/image\/","url":"http:\/\/1.gravatar.com\/avatar\/18d950058a0f4bf48a039d20668d3f79?s=96&d=mm&r=g","contentUrl":"http:\/\/1.gravatar.com\/avatar\/18d950058a0f4bf48a039d20668d3f79?s=96&d=mm&r=g","caption":"Terapie Ditetem"},"sameAs":["http:\/\/terapieditetem.cz"],"url":"http:\/\/terapieditetem.cz\/?author=1"}]}},"_links":{"self":[{"href":"http:\/\/terapieditetem.cz\/index.php?rest_route=\/wp\/v2\/posts\/34"}],"collection":[{"href":"http:\/\/terapieditetem.cz\/index.php?rest_route=\/wp\/v2\/posts"}],"about":[{"href":"http:\/\/terapieditetem.cz\/index.php?rest_route=\/wp\/v2\/types\/post"}],"author":[{"embeddable":true,"href":"http:\/\/terapieditetem.cz\/index.php?rest_route=\/wp\/v2\/users\/1"}],"replies":[{"embeddable":true,"href":"http:\/\/terapieditetem.cz\/index.php?rest_route=%2Fwp%2Fv2%2Fcomments&post=34"}],"version-history":[{"count":2,"href":"http:\/\/terapieditetem.cz\/index.php?rest_route=\/wp\/v2\/posts\/34\/revisions"}],"predecessor-version":[{"id":38,"href":"http:\/\/terapieditetem.cz\/index.php?rest_route=\/wp\/v2\/posts\/34\/revisions\/38"}],"wp:featuredmedia":[{"embeddable":true,"href":"http:\/\/terapieditetem.cz\/index.php?rest_route=\/wp\/v2\/media\/36"}],"wp:attachment":[{"href":"http:\/\/terapieditetem.cz\/index.php?rest_route=%2Fwp%2Fv2%2Fmedia&parent=34"}],"wp:term":[{"taxonomy":"category","embeddable":true,"href":"http:\/\/terapieditetem.cz\/index.php?rest_route=%2Fwp%2Fv2%2Fcategories&post=34"},{"taxonomy":"post_tag","embeddable":true,"href":"http:\/\/terapieditetem.cz\/index.php?rest_route=%2Fwp%2Fv2%2Ftags&post=34"}],"curies":[{"name":"wp","href":"https:\/\/api.w.org\/{rel}","templated":true}]}}